{"id":8722,"date":"2024-09-15T17:24:50","date_gmt":"2024-09-15T15:24:50","guid":{"rendered":"https:\/\/valasskemezirici.casd.cz\/?p=8722"},"modified":"2024-09-15T17:25:04","modified_gmt":"2024-09-15T15:25:04","slug":"sobota-7-zari-2024","status":"publish","type":"post","link":"https:\/\/valasskemezirici.casd.cz\/?p=8722","title":{"rendered":"Sobota 7.z\u00e1\u0159\u00ed 2024"},"content":{"rendered":"<p style=\"text-align: justify;\">Prvn\u00ed sobota nov\u00e9ho \u0161koln\u00edho roku n\u00e1s p\u0159iv\u00edtala je\u0161t\u011b n\u00e1dhern\u00fdm (a\u017e moc) pr\u00e1zdninov\u00fdm po\u010das\u00edm. Ani se nechce v\u011b\u0159it, \u017ee dny leno\u0161en\u00ed, cestov\u00e1n\u00ed a odpo\u010d\u00edv\u00e1n\u00ed jsou ty tam. Ale \u017e\u00e1dn\u00e9 smutn\u011bn\u00ed, v\u0161e je jak m\u00e1 b\u00fdt.<\/p>\n<p style=\"text-align: justify;\">\u00dakolem sobotn\u00ed \u0161koly \u201ePosledn\u00ed dny\u201c n\u00e1s provedl Petr Ch\u00e1ra.&nbsp; A net\u00fdkal se posledn\u00edch dn\u00ed pr\u00e1zdnin, ale posledn\u00edch dn\u016f jeruzal\u00e9msk\u00e9ho chr\u00e1mu.<\/p>\n<p style=\"text-align: justify;\">I kdy\u017e \u017eijeme p\u0159\u00edtomnost\u00ed, \u010dasto p\u0159em\u00fd\u0161l\u00edme o budoucnosti. Je\u017e\u00ed\u0161 obrac\u00ed pozornost u\u010dedn\u00edk\u016f i \u010dten\u00e1\u0159\u016f evangelia na n\u011bkolik ud\u00e1lost\u00ed posledn\u00edch dn\u00ed. Pohled na chr\u00e1m a m\u011bsto byl \u00fachvatn\u00fd, ale \u010dasov\u011b omezen\u00fd. V\u011b\u0159\u00edc\u00ed budou pron\u00e1sledov\u00e1ni, postaveni p\u0159ed soud a n\u011bkte\u0159\u00ed budou zabiti. V&nbsp;souvislosti s&nbsp;p\u00e1dem Jeruzal\u00e9ma Je\u017e\u00ed\u0161 mluvil o \u201eznesv\u011bcuj\u00edc\u00ed ohavnosti\u201c. Krom\u011b napln\u011bn\u00ed \u0159\u00edmsk\u00fdmi legiemi lze p\u0159edpov\u011b\u010f spojit s&nbsp;Danielov\u00fdm proroctv\u00edm. Prorock\u00e1 slova p\u0159edznamen\u00e1vaj\u00ed rozs\u00e1hl\u00e9 pron\u00e1sledov\u00e1n\u00ed k\u0159es\u0165an\u016f. Je\u017e\u00ed\u0161 d\u00e1le varuje p\u0159ed hrozbou fale\u0161n\u00fdch prorok\u016f a mesi\u00e1\u0161\u016f. Radostn\u00fdm vyvrcholen\u00edm posledn\u00edch dn\u00ed bude n\u00e1vrat Je\u017e\u00ed\u0161e Krista.<\/p>\n<p style=\"text-align: justify;\">Cel\u00fd Nov\u00fd z\u00e1kon \u0159\u00edk\u00e1, \u017ee bude osobn\u00ed, doslovn\u00fd, viditeln\u00fd a sly\u0161iteln\u00fd. Ve sv\u011bt\u011b se odehr\u00e1v\u00e1 mnoho znepokojuj\u00edc\u00edch ud\u00e1lost\u00ed.<\/p>\n<p style=\"text-align: justify;\">Lid\u00e9 jsou skute\u010dn\u011b vystra\u0161en\u00ed. Nezn\u00e1me p\u0159esn\u00e9 datum Kristova p\u0159\u00edchodu, a proto m\u00e1me bd\u00edt.<\/p>\n<p style=\"text-align: justify;\">Petr m\u011bl pro n\u00e1s tak\u00e9 p\u0159ipraven p\u0159\u00edsp\u011bvek p\u0159ed k\u00e1z\u00e1n\u00edm, co\u017e byla p\u00edsni\u010dka \u201eJak \u00fa\u017easn\u00e1 l\u00e1ska\u201c za doprovodu jeho kytary, kterou jsme si s&nbsp;chut\u00ed zazp\u00edvali na oslavu na\u0161eho P\u00e1na.<\/p>\n<p style=\"text-align: justify;\">K\u00e1z\u00e1n\u00edm z&nbsp;Bo\u017e\u00edho slova n\u00e1m poslou\u017eil Bohumil Mro\u010dek. Nejprve se n\u00e1m sv\u011b\u0159il se sv\u00fdm vn\u00edm\u00e1n\u00edm pr\u00e1zdnin a potom promluvil k&nbsp;t\u00e9matu minul\u00fdch \u00fakolk\u016f sobotn\u00ed \u0161koly. V\u011bci nejasn\u00e9 a t\u011b\u017ece \u0159e\u0161iteln\u00e9 n\u00e1s nut\u00ed hledat v\u00fdchodisko, cestu. Jak naj\u00edt tu spr\u00e1vnou? Co kdy\u017e se v&nbsp;na\u0161em \u017eivot\u011b objev\u00ed \u201einflace\u201c vztah\u016f? Poslechn\u011bte si zamy\u0161len\u00ed na na\u0161ich str\u00e1nk\u00e1ch.<\/p>\n","protected":false},"excerpt":{"rendered":"<p>Prvn\u00ed sobota nov\u00e9ho \u0161koln\u00edho roku n\u00e1s p\u0159iv\u00edtala je\u0161t\u011b n\u00e1dhern\u00fdm (a\u017e moc) pr\u00e1zdninov\u00fdm po\u010das\u00edm. Ani se nechce v\u011b\u0159it, \u017ee dny leno\u0161en\u00ed, cestov\u00e1n\u00ed a odpo\u010d\u00edv\u00e1n\u00ed jsou ty tam. Ale \u017e\u00e1dn\u00e9 smutn\u011bn\u00ed, v\u0161e je jak m\u00e1 b\u00fdt. \u00dakolem sobotn\u00ed \u0161koly \u201ePosledn\u00ed dny\u201c n\u00e1s provedl Petr Ch\u00e1ra.&nbsp; A net\u00fdkal se posledn\u00edch dn\u00ed pr\u00e1zdnin, ale posledn\u00edch dn\u016f jeruzal\u00e9msk\u00e9ho chr\u00e1mu. I [&hellip;]<\/p>\n","protected":false},"author":1,"featured_media":0,"comment_status":"closed","ping_status":"open","sticky":false,"template":"","format":"standard","meta":{"ngg_post_thumbnail":0,"footnotes":""},"categories":[1],"tags":[],"class_list":["post-8722","post","type-post","status-publish","format-standard","hentry","category-nezarazene"],"_links":{"self":[{"href":"https:\/\/valasskemezirici.casd.cz\/index.php?rest_route=\/wp\/v2\/posts\/8722","targetHints":{"allow":["GET"]}}],"collection":[{"href":"https:\/\/valasskemezirici.casd.cz\/index.php?rest_route=\/wp\/v2\/posts"}],"about":[{"href":"https:\/\/valasskemezirici.casd.cz\/index.php?rest_route=\/wp\/v2\/types\/post"}],"author":[{"embeddable":true,"href":"https:\/\/valasskemezirici.casd.cz\/index.php?rest_route=\/wp\/v2\/users\/1"}],"replies":[{"embeddable":true,"href":"https:\/\/valasskemezirici.casd.cz\/index.php?rest_route=%2Fwp%2Fv2%2Fcomments&post=8722"}],"version-history":[{"count":1,"href":"https:\/\/valasskemezirici.casd.cz\/index.php?rest_route=\/wp\/v2\/posts\/8722\/revisions"}],"predecessor-version":[{"id":8723,"href":"https:\/\/valasskemezirici.casd.cz\/index.php?rest_route=\/wp\/v2\/posts\/8722\/revisions\/8723"}],"wp:attachment":[{"href":"https:\/\/valasskemezirici.casd.cz\/index.php?rest_route=%2Fwp%2Fv2%2Fmedia&parent=8722"}],"wp:term":[{"taxonomy":"category","embeddable":true,"href":"https:\/\/valasskemezirici.casd.cz\/index.php?rest_route=%2Fwp%2Fv2%2Fcategories&post=8722"},{"taxonomy":"post_tag","embeddable":true,"href":"https:\/\/valasskemezirici.casd.cz\/index.php?rest_route=%2Fwp%2Fv2%2Ftags&post=8722"}],"curies":[{"name":"wp","href":"https:\/\/api.w.org\/{rel}","templated":true}]}}