{"id":8724,"date":"2024-09-15T17:28:08","date_gmt":"2024-09-15T15:28:08","guid":{"rendered":"https:\/\/valasskemezirici.casd.cz\/?p=8724"},"modified":"2024-09-15T17:31:13","modified_gmt":"2024-09-15T15:31:13","slug":"sobota-14-zari-2024","status":"publish","type":"post","link":"https:\/\/valasskemezirici.casd.cz\/?p=8724","title":{"rendered":"Sobota 14.z\u00e1\u0159\u00ed 2024"},"content":{"rendered":"<div style=\"width: 478px;\" class=\"wp-video\"><video class=\"wp-video-shortcode\" id=\"video-8724-1\" width=\"478\" height=\"850\" preload=\"metadata\" controls=\"controls\"><source type=\"video\/mp4\" src=\"https:\/\/valasskemezirici.casd.cz\/wp-content\/uploads\/2024\/09\/Video-WhatsApp-2024-09-14-v-14.07.29_7470d51d.mp4?_=1\" \/><a href=\"https:\/\/valasskemezirici.casd.cz\/wp-content\/uploads\/2024\/09\/Video-WhatsApp-2024-09-14-v-14.07.29_7470d51d.mp4\">https:\/\/valasskemezirici.casd.cz\/wp-content\/uploads\/2024\/09\/Video-WhatsApp-2024-09-14-v-14.07.29_7470d51d.mp4<\/a><\/video><\/div>\n<p style=\"text-align: justify;\">U\u017e n\u011bkolik dn\u00ed jsme z&nbsp;m\u00e9di\u00ed upozor\u0148ov\u00e1n\u00ed na p\u0159\u00edchod tis\u00edcilet\u00e9 vody. Ka\u017ed\u00fd prud\u0161\u00ed d\u00e9\u0161\u0165 pro na\u0161i sborovou budovu znamen\u00e1 zatopen\u00e9 gar\u00e1\u017ee, sklepy i zahradu. Proto jsme s&nbsp;obavami vzhl\u00ed\u017eeli k&nbsp;nebi a sledovali \u010dern\u00e9 mraky. Ale je takov\u00e1 obava nutn\u00e1? V\u017edy\u0165 n\u00e1\u0161 P\u00e1n v\u00ed, \u017ee se chceme sej\u00edt k&nbsp;pobo\u017enosti, jist\u011b n\u00e1m to umo\u017en\u00ed. A pokud ne, zn\u00e1me Ho u\u017e natolik, \u017ee v\u00edme, \u017ee i negativn\u00ed v\u011bci si dok\u00e1\u017ee pou\u017e\u00edt k&nbsp;dobr\u00e9mu.<\/p>\n<p style=\"text-align: justify;\">V&nbsp;o\u010dek\u00e1v\u00e1n\u00ed slavnosti Pam\u00e1tky ve\u010de\u0159e P\u00e1n\u011b se sbore\u010dek p\u011bkn\u011b zaplnil. \u00dakolem sobotn\u00ed \u0161koly n\u00e1s provedla Kv\u011bta Ty\u0161erov\u00e1. M\u011bl n\u00e1zev \u201eZajet\u00ed a soud\u201c. Proch\u00e1zeli jsme 14.kapitolu, kter\u00e1 popisuje ud\u00e1losti pa\u0161ijov\u00e9ho t\u00fddne Je\u017e\u00ed\u0161e Krista.<\/p>\n<p><!--more--><\/p>\n<p><img loading=\"lazy\" decoding=\"async\" class=\"alignnone wp-image-8725\" src=\"https:\/\/valasskemezirici.casd.cz\/wp-content\/uploads\/2024\/09\/c328979e-12f5-4d1a-ae9d-c738d30587e5.jpeg\" alt=\"\" width=\"608\" height=\"456\" srcset=\"https:\/\/valasskemezirici.casd.cz\/wp-content\/uploads\/2024\/09\/c328979e-12f5-4d1a-ae9d-c738d30587e5.jpeg 2040w, https:\/\/valasskemezirici.casd.cz\/wp-content\/uploads\/2024\/09\/c328979e-12f5-4d1a-ae9d-c738d30587e5-300x225.jpeg 300w, https:\/\/valasskemezirici.casd.cz\/wp-content\/uploads\/2024\/09\/c328979e-12f5-4d1a-ae9d-c738d30587e5-1024x768.jpeg 1024w, https:\/\/valasskemezirici.casd.cz\/wp-content\/uploads\/2024\/09\/c328979e-12f5-4d1a-ae9d-c738d30587e5-768x576.jpeg 768w, https:\/\/valasskemezirici.casd.cz\/wp-content\/uploads\/2024\/09\/c328979e-12f5-4d1a-ae9d-c738d30587e5-1536x1152.jpeg 1536w\" sizes=\"auto, (max-width: 608px) 100vw, 608px\" \/><br \/>\n<img loading=\"lazy\" decoding=\"async\" class=\"alignnone wp-image-8726\" src=\"https:\/\/valasskemezirici.casd.cz\/wp-content\/uploads\/2024\/09\/f1072d58-5dbb-4d94-95f5-32cf0f807f1f.jpeg\" alt=\"\" width=\"610\" height=\"813\" srcset=\"https:\/\/valasskemezirici.casd.cz\/wp-content\/uploads\/2024\/09\/f1072d58-5dbb-4d94-95f5-32cf0f807f1f.jpeg 1530w, https:\/\/valasskemezirici.casd.cz\/wp-content\/uploads\/2024\/09\/f1072d58-5dbb-4d94-95f5-32cf0f807f1f-225x300.jpeg 225w, https:\/\/valasskemezirici.casd.cz\/wp-content\/uploads\/2024\/09\/f1072d58-5dbb-4d94-95f5-32cf0f807f1f-768x1024.jpeg 768w, https:\/\/valasskemezirici.casd.cz\/wp-content\/uploads\/2024\/09\/f1072d58-5dbb-4d94-95f5-32cf0f807f1f-1152x1536.jpeg 1152w\" sizes=\"auto, (max-width: 610px) 100vw, 610px\" \/><\/p>\n<p style=\"text-align: justify;\">P\u0159\u00edb\u011bh spiknut\u00ed proti Je\u017e\u00ed\u0161i je kontrastn\u011b propojen s p\u0159\u00edb\u011bhem \u017eeny, kter\u00e1 vz\u00e1cn\u00fdm olejem pomazala Je\u017e\u00ed\u0161ovu hlavu. Jej\u00ed \u00fa\u017easn\u00fd dar stoj\u00ed v&nbsp;protikladu k Jid\u00e1\u0161ov\u011b podlosti, kdy\u017e zradil sv\u00e9ho P\u00e1na. Je\u017e\u00ed\u0161 jedn\u00e1n\u00ed \u017eeny obhajuje slovy, \u017ee pam\u00e1tka na jej\u00ed \u010din bude vzpom\u00edn\u00e1na p\u0159i hl\u00e1s\u00e1n\u00ed evangelia po cel\u00e9m sv\u011bt\u011b. P\u0159i posledn\u00ed ve\u010de\u0159i Je\u017e\u00ed\u0161 podal u\u010dedn\u00edk\u016fm chl\u00e9b, kter\u00fd symbolizoval jeho t\u011blo. Nov\u00e1 smlouva byla zpe\u010det\u011bna Je\u017e\u00ed\u0161ovou krv\u00ed. P\u0159ipom\u00edn\u00e1 ji kalich. Uprost\u0159ed ve\u010de\u0159e Je\u017e\u00ed\u0161 p\u0159edpov\u00edd\u00e1, \u017ee ho opust\u00ed v\u0161ichni u\u010dedn\u00edci. P\u0159idal i slovo nad\u011bje p\u0159edpov\u011bd\u00ed o sv\u00e9m vzk\u0159\u00ed\u0161en\u00ed. V&nbsp;Getsemansk\u00e9 zahrad\u011b se Je\u017e\u00ed\u0161 modl\u00ed, aby byl od n\u011bho od\u0148at kalich utrpen\u00ed, ale pouze pokud je to Bo\u017e\u00ed v\u016fle. Bo\u017e\u00ed odpov\u011b\u010f na Je\u017e\u00ed\u0161ovu modlitbu je ale zam\u00edtav\u00e1. Neodstran\u00ed od&nbsp;n\u011bho kalich utrpen\u00ed, proto\u017ee pr\u00e1v\u011b d\u00edky t\u00e9to zku\u0161enosti se sv\u011btu nab\u00edz\u00ed sp\u00e1sa. Je \u0161okuj\u00edc\u00ed, \u017ee jeden z Je\u017e\u00ed\u0161ov\u00fdch nejbli\u017e\u0161\u00edch spolupracovn\u00edk\u016f ho zradil nep\u0159\u00e1tel\u016fm. Zradu odsoudili dokonce i ti, kte\u0159\u00ed vyu\u017eili zr\u00e1dce. P\u0159ed \u017eidovskou veleradu se n\u00e1bo\u017een\u0161t\u00ed v\u016fdci opakovan\u011b sna\u017eili vzn\u00e9st obvin\u011bn\u00ed proti Je\u017e\u00ed\u0161i. Neda\u0159ilo se jim v\u0161ak naj\u00edt \u017e\u00e1dn\u00e9 d\u016fv\u011bryhodn\u00e9 sv\u011bdky. Nakonec se velekn\u011bz p\u0159\u00edmo zeptal Je\u017e\u00ed\u0161e, zda je \u201eMesi\u00e1\u0161\u201c. Je\u017e\u00ed\u0161 up\u0159\u00edmn\u011b a&nbsp;otev\u0159en\u011b \u0159ekl: \u201eJ\u00e1 jsem.\u201c Kdy\u017e Petr zap\u0159el Je\u017e\u00ed\u0161e, vybavil si, jak je\u0161t\u011b p\u0159ed n\u011bkolika hodinami sliboval, \u017ee p\u016fjde se sv\u00fdm P\u00e1nem i do v\u011bzen\u00ed \u010di na smrt. Najednou si uv\u011bdomil, jak dob\u0159e ho P\u00e1n zn\u00e1 a jak spolehliv\u011b rozeznal v jeho srdci fale\u0161n\u00e9 sebev\u011bdom\u00ed, o&nbsp;kter\u00e9m ani on s\u00e1m nev\u011bd\u011bl.<\/p>\n<p style=\"text-align: justify;\">K\u00e1z\u00e1n\u00edm p\u0159ed slaven\u00edm Pam\u00e1tky n\u00e1m poslou\u017eil bratr Hynek Dona. Co pro n\u00e1s Pam\u00e1tka znamen\u00e1? Pro\u017e\u00edv\u00e1me ji jako&nbsp; n\u011bco v\u00fdjime\u010dn\u00e9ho, nebo je tento ob\u0159ad jen pouhou rutinou, kter\u00e1 n\u00e1le\u017e\u00ed&nbsp; k&nbsp;na\u0161emu c\u00edrkevn\u00edmu \u017eivotu? Zaposlouchejte se spolu s&nbsp;n\u00e1mi.<\/p>\n<p style=\"text-align: justify;\">Bohoslu\u017eba skon\u010dila, tak jak je na\u0161\u00edm zvykem jsme si je\u0161t\u011b pov\u00eddali, a potom se roze\u0161li. P\u0159esn\u011b p\u016fl hodiny pot\u00e9 se spustil p\u0159\u00edvalov\u00fd d\u00e9\u0161\u0165 a to, \u010deho jsme se ob\u00e1vali, p\u0159i\u0161lo. P\u0159\u00edvaly vody se hrnuly ze silnice k&nbsp;na\u0161\u00ed modlitebn\u011b. P\u0159i sledov\u00e1n\u00ed t\u00e9to scen\u00e9rie si \u010dlov\u011bk uv\u011bdom\u00ed, jak slab\u00fd, bezmocn\u00fd a neschopn\u00fd je, a \u017ee se bez Bo\u017e\u00ed ochrann\u00e9 dlan\u011b neobejdeme. Modl\u00edme se za na\u0161\u00ed zemi\u010dku, abychom ohla\u0161ovanou katastrofu p\u0159e\u010dkali s&nbsp;co nejmen\u0161\u00edmi \u0161kodami, ale hlavn\u011b bez lidsk\u00fdch ob\u011bt\u00ed. Pane, v\u0161e je v&nbsp;Tv\u00fdch rukou.<\/p>\n<p><img loading=\"lazy\" decoding=\"async\" class=\"alignnone wp-image-8732\" src=\"https:\/\/valasskemezirici.casd.cz\/wp-content\/uploads\/2024\/09\/a5b9c382-7a80-4f61-a793-3aa841db718f.jpeg\" alt=\"\" width=\"691\" height=\"518\" srcset=\"https:\/\/valasskemezirici.casd.cz\/wp-content\/uploads\/2024\/09\/a5b9c382-7a80-4f61-a793-3aa841db718f.jpeg 2040w, https:\/\/valasskemezirici.casd.cz\/wp-content\/uploads\/2024\/09\/a5b9c382-7a80-4f61-a793-3aa841db718f-300x225.jpeg 300w, https:\/\/valasskemezirici.casd.cz\/wp-content\/uploads\/2024\/09\/a5b9c382-7a80-4f61-a793-3aa841db718f-1024x768.jpeg 1024w, https:\/\/valasskemezirici.casd.cz\/wp-content\/uploads\/2024\/09\/a5b9c382-7a80-4f61-a793-3aa841db718f-768x576.jpeg 768w, https:\/\/valasskemezirici.casd.cz\/wp-content\/uploads\/2024\/09\/a5b9c382-7a80-4f61-a793-3aa841db718f-1536x1152.jpeg 1536w\" sizes=\"auto, (max-width: 691px) 100vw, 691px\" \/><\/p>\n","protected":false},"excerpt":{"rendered":"<p>U\u017e n\u011bkolik dn\u00ed jsme z&nbsp;m\u00e9di\u00ed upozor\u0148ov\u00e1n\u00ed na p\u0159\u00edchod tis\u00edcilet\u00e9 vody. Ka\u017ed\u00fd prud\u0161\u00ed d\u00e9\u0161\u0165 pro na\u0161i sborovou budovu znamen\u00e1 zatopen\u00e9 gar\u00e1\u017ee, sklepy i zahradu. Proto jsme s&nbsp;obavami vzhl\u00ed\u017eeli k&nbsp;nebi a sledovali \u010dern\u00e9 mraky. Ale je takov\u00e1 obava nutn\u00e1? V\u017edy\u0165 n\u00e1\u0161 P\u00e1n v\u00ed, \u017ee se chceme sej\u00edt k&nbsp;pobo\u017enosti, jist\u011b n\u00e1m to umo\u017en\u00ed. A pokud ne, zn\u00e1me Ho [&hellip;]<\/p>\n","protected":false},"author":1,"featured_media":0,"comment_status":"closed","ping_status":"open","sticky":false,"template":"","format":"standard","meta":{"ngg_post_thumbnail":0,"footnotes":""},"categories":[1],"tags":[],"class_list":["post-8724","post","type-post","status-publish","format-standard","hentry","category-nezarazene"],"_links":{"self":[{"href":"https:\/\/valasskemezirici.casd.cz\/index.php?rest_route=\/wp\/v2\/posts\/8724","targetHints":{"allow":["GET"]}}],"collection":[{"href":"https:\/\/valasskemezirici.casd.cz\/index.php?rest_route=\/wp\/v2\/posts"}],"about":[{"href":"https:\/\/valasskemezirici.casd.cz\/index.php?rest_route=\/wp\/v2\/types\/post"}],"author":[{"embeddable":true,"href":"https:\/\/valasskemezirici.casd.cz\/index.php?rest_route=\/wp\/v2\/users\/1"}],"replies":[{"embeddable":true,"href":"https:\/\/valasskemezirici.casd.cz\/index.php?rest_route=%2Fwp%2Fv2%2Fcomments&post=8724"}],"version-history":[{"count":4,"href":"https:\/\/valasskemezirici.casd.cz\/index.php?rest_route=\/wp\/v2\/posts\/8724\/revisions"}],"predecessor-version":[{"id":8733,"href":"https:\/\/valasskemezirici.casd.cz\/index.php?rest_route=\/wp\/v2\/posts\/8724\/revisions\/8733"}],"wp:attachment":[{"href":"https:\/\/valasskemezirici.casd.cz\/index.php?rest_route=%2Fwp%2Fv2%2Fmedia&parent=8724"}],"wp:term":[{"taxonomy":"category","embeddable":true,"href":"https:\/\/valasskemezirici.casd.cz\/index.php?rest_route=%2Fwp%2Fv2%2Fcategories&post=8724"},{"taxonomy":"post_tag","embeddable":true,"href":"https:\/\/valasskemezirici.casd.cz\/index.php?rest_route=%2Fwp%2Fv2%2Ftags&post=8724"}],"curies":[{"name":"wp","href":"https:\/\/api.w.org\/{rel}","templated":true}]}}