{"id":8740,"date":"2024-09-15T17:45:09","date_gmt":"2024-09-15T15:45:09","guid":{"rendered":"https:\/\/valasskemezirici.casd.cz\/?p=8740"},"modified":"2024-09-15T17:45:11","modified_gmt":"2024-09-15T15:45:11","slug":"slavnostni-bohosluzba","status":"publish","type":"post","link":"https:\/\/valasskemezirici.casd.cz\/?p=8740","title":{"rendered":"Slavnostn\u00ed bohoslu\u017eba"},"content":{"rendered":"<h2>Slavnostn\u00ed bohoslu\u017eba u p\u0159\u00edle\u017eitosti 95 let sboru Vala\u0161sk\u00e9 Mezi\u0159\u00ed\u010d\u00ed se uskute\u010dn\u00ed 28.z\u00e1\u0159\u00ed 2024.<\/h2>\n<h2>Hostem bude bratr Daniel Dobe\u0161.<\/h2>\n<p><img loading=\"lazy\" decoding=\"async\" class=\"alignnone wp-image-8741\" src=\"https:\/\/valasskemezirici.casd.cz\/wp-content\/uploads\/2024\/09\/Modlitebna-scaled.jpg\" alt=\"\" width=\"614\" height=\"460\" srcset=\"https:\/\/valasskemezirici.casd.cz\/wp-content\/uploads\/2024\/09\/Modlitebna-scaled.jpg 2560w, https:\/\/valasskemezirici.casd.cz\/wp-content\/uploads\/2024\/09\/Modlitebna-300x225.jpg 300w, https:\/\/valasskemezirici.casd.cz\/wp-content\/uploads\/2024\/09\/Modlitebna-1024x768.jpg 1024w, https:\/\/valasskemezirici.casd.cz\/wp-content\/uploads\/2024\/09\/Modlitebna-768x576.jpg 768w, https:\/\/valasskemezirici.casd.cz\/wp-content\/uploads\/2024\/09\/Modlitebna-1536x1152.jpg 1536w, https:\/\/valasskemezirici.casd.cz\/wp-content\/uploads\/2024\/09\/Modlitebna-2048x1536.jpg 2048w\" sizes=\"auto, (max-width: 614px) 100vw, 614px\" \/><\/p>\n","protected":false},"excerpt":{"rendered":"<p>Slavnostn\u00ed bohoslu\u017eba u p\u0159\u00edle\u017eitosti 95 let sboru Vala\u0161sk\u00e9 Mezi\u0159\u00ed\u010d\u00ed se uskute\u010dn\u00ed 28.z\u00e1\u0159\u00ed 2024. Hostem bude bratr Daniel Dobe\u0161.<\/p>\n","protected":false},"author":1,"featured_media":0,"comment_status":"closed","ping_status":"open","sticky":false,"template":"","format":"standard","meta":{"ngg_post_thumbnail":0,"footnotes":""},"categories":[1],"tags":[],"class_list":["post-8740","post","type-post","status-publish","format-standard","hentry","category-nezarazene"],"_links":{"self":[{"href":"https:\/\/valasskemezirici.casd.cz\/index.php?rest_route=\/wp\/v2\/posts\/8740","targetHints":{"allow":["GET"]}}],"collection":[{"href":"https:\/\/valasskemezirici.casd.cz\/index.php?rest_route=\/wp\/v2\/posts"}],"about":[{"href":"https:\/\/valasskemezirici.casd.cz\/index.php?rest_route=\/wp\/v2\/types\/post"}],"author":[{"embeddable":true,"href":"https:\/\/valasskemezirici.casd.cz\/index.php?rest_route=\/wp\/v2\/users\/1"}],"replies":[{"embeddable":true,"href":"https:\/\/valasskemezirici.casd.cz\/index.php?rest_route=%2Fwp%2Fv2%2Fcomments&post=8740"}],"version-history":[{"count":1,"href":"https:\/\/valasskemezirici.casd.cz\/index.php?rest_route=\/wp\/v2\/posts\/8740\/revisions"}],"predecessor-version":[{"id":8742,"href":"https:\/\/valasskemezirici.casd.cz\/index.php?rest_route=\/wp\/v2\/posts\/8740\/revisions\/8742"}],"wp:attachment":[{"href":"https:\/\/valasskemezirici.casd.cz\/index.php?rest_route=%2Fwp%2Fv2%2Fmedia&parent=8740"}],"wp:term":[{"taxonomy":"category","embeddable":true,"href":"https:\/\/valasskemezirici.casd.cz\/index.php?rest_route=%2Fwp%2Fv2%2Fcategories&post=8740"},{"taxonomy":"post_tag","embeddable":true,"href":"https:\/\/valasskemezirici.casd.cz\/index.php?rest_route=%2Fwp%2Fv2%2Ftags&post=8740"}],"curies":[{"name":"wp","href":"https:\/\/api.w.org\/{rel}","templated":true}]}}