{"id":8763,"date":"2024-09-29T11:13:59","date_gmt":"2024-09-29T09:13:59","guid":{"rendered":"https:\/\/valasskemezirici.casd.cz\/?p=8763"},"modified":"2024-09-29T11:14:04","modified_gmt":"2024-09-29T09:14:04","slug":"prvni-beseda-adra-klubu-zdravi-a-sboru-casd-v-letosnim-skolnim-roce","status":"publish","type":"post","link":"https:\/\/valasskemezirici.casd.cz\/?p=8763","title":{"rendered":"Prvn\u00ed beseda ADRA Klubu zdrav\u00ed a sboru CASD v leto\u0161n\u00edm \u0161koln\u00edm roce"},"content":{"rendered":"<div dir=\"auto\" style=\"text-align: justify;\">Na\u0161e besedy, jejich\u017e v\u00fdt\u011b\u017eek p\u0159ed\u00e1v\u00e1me bu\u010f m\u00edstn\u00edmu DC ADRA, nebo vyu\u017e\u00edv\u00e1me k misii (podle toho, kdo je spolupo\u0159adatelem), jsou velmi pestr\u00e9. Nejkr\u00e1sn\u011bj\u0161\u00ed jsou v\u0161ak ty, kdy se poslucha\u010di nejen dozv\u00ed n\u011bco zaj\u00edmav\u00e9ho, vid\u00ed kr\u00e1sn\u00e9 fotky, ale tak\u00e9 mohou n\u011bkomu pomoci. M\u00e1m na mysli benefi\u010dn\u00ed besedy. Prvn\u00ed beseda nov\u00e9ho \u0161koln\u00edho roku byla pr\u00e1v\u011b takov\u00e1.<\/div>\n<div dir=\"auto\" style=\"text-align: justify;\">Na\u0161\u00edm hostem byl Petr Fabi\u00e1n, kter\u00fd se vydal nejdel\u0161\u00ed turistickou magistr\u00e1lou Slovenska dlouhou cca 700 km &#8211; Cestou hrdinov SNP. Ne\u0161el v\u0161ak proto, aby si dok\u00e1zal, \u017ee na to m\u00e1, p\u0159ekonal s\u00e1m sebe, prohl\u00e9dl si n\u00e1dhernou slovenskou p\u0159\u00edrodu nebo ud\u011blal radost sv\u00e9mu krokom\u011bru. Sv\u00e9 cest\u011b dal Petr p\u0159edev\u0161\u00edm duchovn\u00ed rozm\u011br. Podnikl ji pro Ane\u017eku, mladou \u017eenu posti\u017eenou v\u00e1\u017enou chorobou. B\u011bhem sv\u00e9ho putov\u00e1n\u00ed se za ni modlil a rozj\u00edmal. D\u00edky aplikaci \u010cEZu s n\u00e1zvem EPP tak\u00e9 z\u00edskal pen\u00edze, kter\u00fdmi cht\u011bl Ane\u017ece pomoci zlep\u0161it kvalitu \u017eivota. Ane\u017eka je sice nemocn\u00e1, ale srd\u00ed\u010dko m\u00e1 zdrav\u011bj\u0161\u00ed, ne\u017e mnoh\u00fd z n\u00e1s. Finan\u010dn\u00ed obnos se rozhodla v\u011bnovat n\u011bkomu dal\u0161\u00edmu nemocn\u00e9mu, kdo ho pot\u0159ebuje.<\/div>\n<div dir=\"auto\"><img loading=\"lazy\" decoding=\"async\" class=\"alignnone wp-image-8764\" src=\"https:\/\/valasskemezirici.casd.cz\/wp-content\/uploads\/2024\/09\/486bd7e0-0f51-4a82-92c3-19795b15933e.jpeg\" alt=\"\" width=\"610\" height=\"813\" srcset=\"https:\/\/valasskemezirici.casd.cz\/wp-content\/uploads\/2024\/09\/486bd7e0-0f51-4a82-92c3-19795b15933e.jpeg 1530w, https:\/\/valasskemezirici.casd.cz\/wp-content\/uploads\/2024\/09\/486bd7e0-0f51-4a82-92c3-19795b15933e-225x300.jpeg 225w, https:\/\/valasskemezirici.casd.cz\/wp-content\/uploads\/2024\/09\/486bd7e0-0f51-4a82-92c3-19795b15933e-768x1024.jpeg 768w, https:\/\/valasskemezirici.casd.cz\/wp-content\/uploads\/2024\/09\/486bd7e0-0f51-4a82-92c3-19795b15933e-1152x1536.jpeg 1152w\" sizes=\"auto, (max-width: 610px) 100vw, 610px\" \/><\/div>\n<div dir=\"auto\">&nbsp;<\/div>\n<p><!--more--><\/p>\n<div dir=\"auto\" style=\"text-align: justify;\">S na\u0161\u00ed besedou to dopadlo stejn\u011b. V\u00fdt\u011b\u017eek jsme cht\u011bli darovat Ane\u017ece, ale ona se op\u011bt rozhodla si ho nenechat. Pomoci se rozhodla chlapci Alexovi ze Vset\u00edna, kter\u00fd trp\u00ed t\u011b\u017ek\u00fdm ment\u00e1ln\u00edm i fyzick\u00fdm posti\u017een\u00edm. P\u00e9\u010de o n\u011bho je n\u00e1ro\u010dn\u00e1 psychicky, fyzicky i finan\u010dn\u011b. A\u010d mu l\u00e9ka\u0159i po narozen\u00ed d\u00e1vali \u0161anci na 3 roky \u017eivota, d\u00edky Bohu a neskute\u010dn\u011b ob\u011btav\u00e9 p\u00e9\u010di rodi\u010d\u016f je dnes Alexovi 7 let. Neobejde se v\u0161ak bez speci\u00e1ln\u00ed postele, ko\u010d\u00e1rku, rehabilitac\u00ed, n\u00e1kladn\u00fdch l\u00e9k\u016f a mnoho dal\u0161\u00edho. Jist\u011b mu pomoc p\u0159ijde vhod.<\/div>\n<div dir=\"auto\" style=\"text-align: justify;\">Vypr\u00e1v\u011bn\u00ed Petra Fabi\u00e1na bylo velmi zaj\u00edmav\u00e9. A\u010d mu p\u0159i jeho cest\u011b po\u010das\u00ed moc nep\u0159\u00e1lo a \u010dasto ho prov\u00e1zela mlha jako ml\u00e9ko, p\u0159esto se mu poda\u0159ilo nafotit \u0159adu kr\u00e1sn\u00fdch fotografi\u00ed, kter\u00fdmi n\u00e1m dokumentoval n\u00e1dheru slovensk\u00fdch hor i \u00fadol\u00ed. U\u017e v\u00edme, co je na takovou t\u00faru pot\u0159eba zabalit, co je to \u00fatulna a jak se v n\u00ed sp\u00ed. Poznali jsme dru\u017enost \u201ev\u00fdchod\u0148\u00e1r\u016f\u201c, pro kter\u00e9 je ka\u017ed\u00fd d\u016fvod dobr\u00fd, aby ho zapili skleni\u010dkou dobr\u00e9ho moku. Vid\u011bli jsme mnoho kr\u00e1sn\u00fdch m\u00edst, kapli\u010dek, k\u0159\u00ed\u017eov\u00fdch cest a k\u0159\u00ed\u017e\u016f. V\u00edme, jak\u00e9 boty a jak kvalitn\u00ed pono\u017eky na cestu vz\u00edt. A u\u017e v\u00edme o skv\u011bl\u00e9 aplikaci, kterou m\u016f\u017eeme b\u011bhem sportovn\u00edch aktivit, kter\u00e9 m\u00e1me r\u00e1di, n\u011bkomu pomoci.<\/div>\n<div dir=\"auto\" style=\"text-align: justify;\">Na\u0161i poslucha\u010di byli naprosto \u00fa\u017easn\u00ed. Na vstupn\u00e9m se poda\u0159ilo vybrat 7.900,- K\u010d . Ochotn\u00fdm d\u00e1rc\u016fm velmi d\u011bkujeme, \u00fa\u017easn\u011b ob\u011btavou Ane\u017eku p\u0159ib\u00edr\u00e1me do sv\u00fdch modliteb a stejn\u011b tak mal\u00e9ho Alexe. V\u0161em p\u0159ejeme Bo\u017e\u00ed po\u017eehn\u00e1n\u00ed a milost.<\/div>\n<div dir=\"auto\">&nbsp;<img loading=\"lazy\" decoding=\"async\" class=\"alignnone wp-image-8765\" src=\"https:\/\/valasskemezirici.casd.cz\/wp-content\/uploads\/2024\/09\/9630be7b-faff-41d4-a64e-8d6fc7e6fc75.jpeg\" alt=\"\" width=\"600\" height=\"800\" srcset=\"https:\/\/valasskemezirici.casd.cz\/wp-content\/uploads\/2024\/09\/9630be7b-faff-41d4-a64e-8d6fc7e6fc75.jpeg 1530w, https:\/\/valasskemezirici.casd.cz\/wp-content\/uploads\/2024\/09\/9630be7b-faff-41d4-a64e-8d6fc7e6fc75-225x300.jpeg 225w, https:\/\/valasskemezirici.casd.cz\/wp-content\/uploads\/2024\/09\/9630be7b-faff-41d4-a64e-8d6fc7e6fc75-768x1024.jpeg 768w, https:\/\/valasskemezirici.casd.cz\/wp-content\/uploads\/2024\/09\/9630be7b-faff-41d4-a64e-8d6fc7e6fc75-1152x1536.jpeg 1152w\" sizes=\"auto, (max-width: 600px) 100vw, 600px\" \/><\/div>\n","protected":false},"excerpt":{"rendered":"<p>Na\u0161e besedy, jejich\u017e v\u00fdt\u011b\u017eek p\u0159ed\u00e1v\u00e1me bu\u010f m\u00edstn\u00edmu DC ADRA, nebo vyu\u017e\u00edv\u00e1me k misii (podle toho, kdo je spolupo\u0159adatelem), jsou velmi pestr\u00e9. Nejkr\u00e1sn\u011bj\u0161\u00ed jsou v\u0161ak ty, kdy se poslucha\u010di nejen dozv\u00ed n\u011bco zaj\u00edmav\u00e9ho, vid\u00ed kr\u00e1sn\u00e9 fotky, ale tak\u00e9 mohou n\u011bkomu pomoci. M\u00e1m na mysli benefi\u010dn\u00ed besedy. Prvn\u00ed beseda nov\u00e9ho \u0161koln\u00edho roku byla pr\u00e1v\u011b takov\u00e1. Na\u0161\u00edm hostem [&hellip;]<\/p>\n","protected":false},"author":1,"featured_media":0,"comment_status":"closed","ping_status":"open","sticky":false,"template":"","format":"standard","meta":{"ngg_post_thumbnail":0,"footnotes":""},"categories":[1],"tags":[],"class_list":["post-8763","post","type-post","status-publish","format-standard","hentry","category-nezarazene"],"_links":{"self":[{"href":"https:\/\/valasskemezirici.casd.cz\/index.php?rest_route=\/wp\/v2\/posts\/8763","targetHints":{"allow":["GET"]}}],"collection":[{"href":"https:\/\/valasskemezirici.casd.cz\/index.php?rest_route=\/wp\/v2\/posts"}],"about":[{"href":"https:\/\/valasskemezirici.casd.cz\/index.php?rest_route=\/wp\/v2\/types\/post"}],"author":[{"embeddable":true,"href":"https:\/\/valasskemezirici.casd.cz\/index.php?rest_route=\/wp\/v2\/users\/1"}],"replies":[{"embeddable":true,"href":"https:\/\/valasskemezirici.casd.cz\/index.php?rest_route=%2Fwp%2Fv2%2Fcomments&post=8763"}],"version-history":[{"count":1,"href":"https:\/\/valasskemezirici.casd.cz\/index.php?rest_route=\/wp\/v2\/posts\/8763\/revisions"}],"predecessor-version":[{"id":8766,"href":"https:\/\/valasskemezirici.casd.cz\/index.php?rest_route=\/wp\/v2\/posts\/8763\/revisions\/8766"}],"wp:attachment":[{"href":"https:\/\/valasskemezirici.casd.cz\/index.php?rest_route=%2Fwp%2Fv2%2Fmedia&parent=8763"}],"wp:term":[{"taxonomy":"category","embeddable":true,"href":"https:\/\/valasskemezirici.casd.cz\/index.php?rest_route=%2Fwp%2Fv2%2Fcategories&post=8763"},{"taxonomy":"post_tag","embeddable":true,"href":"https:\/\/valasskemezirici.casd.cz\/index.php?rest_route=%2Fwp%2Fv2%2Ftags&post=8763"}],"curies":[{"name":"wp","href":"https:\/\/api.w.org\/{rel}","templated":true}]}}