{"id":8767,"date":"2024-09-29T11:27:08","date_gmt":"2024-09-29T09:27:08","guid":{"rendered":"https:\/\/valasskemezirici.casd.cz\/?p=8767"},"modified":"2024-09-29T11:27:12","modified_gmt":"2024-09-29T09:27:12","slug":"rekonstrukce-chodniku-a-schodiste-zacala","status":"publish","type":"post","link":"https:\/\/valasskemezirici.casd.cz\/?p=8767","title":{"rendered":"Rekonstrukce chodn\u00edku a schodi\u0161t\u011b za\u010dala"},"content":{"rendered":"<p style=\"text-align: justify;\">Kdo chce v t\u011bchto dnech nav\u0161t\u00edvit n\u00e1\u0161 sbor, mus\u00ed to vz\u00edt tak trochu oklikou. D\u016fvodem je dlouho o\u010dek\u00e1van\u00e1 rekonstrukce schodi\u0161t\u011b a p\u0159\u00edstupov\u00e9ho chodn\u00edku k modlitebn\u011b. Zat\u00edm co chodn\u00ed\u010dky vedouc\u00ed do duchovn\u00edch st\u00e1nk\u016f br\u00e1\u0161k\u016f z jin\u00fdch c\u00edrkv\u00ed na\u0161eho m\u011bsta sv\u00fdm kr\u00e1sn\u00fdm dl\u00e1\u017ed\u011bn\u00edm p\u0159\u00edmo vyz\u00fdvaj\u00ed ke vstupu, n\u00e1\u0161 sbore\u010dek byl del\u0161\u00ed dobu Popelkou. Ale te\u010f u\u017e to bude jinak !&nbsp;<\/p>\n<p>Moc se t\u011b\u0161\u00edme na kr\u00e1sn\u00fd upraven\u00fd vchod. Nemalou radost m\u00e1me z toho, \u017ee sou\u010d\u00e1st\u00ed rekonstrukce je i \u0159e\u0161en\u00ed nevyhovuj\u00edc\u00ed ter\u00e9nn\u00ed \u00fapravy, kter\u00e1 p\u0159i ka\u017ed\u00e9m v\u011bt\u0161\u00edm de\u0161ti zp\u016fsobuje zatopen\u00ed gar\u00e1\u017e\u00ed a sklep\u016f objektu.&nbsp; K\u00e9\u017e P\u00e1n d\u00edlu \u017eehn\u00e1 a poda\u0159\u00ed se ku spokojenosti v\u0161ech.<\/p>\n<p>Moc d\u011bkujeme MSS na\u0161\u00ed c\u00edrkve za vyhotoven\u00ed projektu a spolufinancov\u00e1n\u00ed.&nbsp;<\/p>\n<p><img loading=\"lazy\" decoding=\"async\" class=\"alignnone wp-image-8768\" src=\"https:\/\/valasskemezirici.casd.cz\/wp-content\/uploads\/2024\/09\/5d5d82cc-a285-4c35-bfd0-19713aa6d484.jpeg\" alt=\"\" width=\"616\" height=\"462\" srcset=\"https:\/\/valasskemezirici.casd.cz\/wp-content\/uploads\/2024\/09\/5d5d82cc-a285-4c35-bfd0-19713aa6d484.jpeg 2040w, https:\/\/valasskemezirici.casd.cz\/wp-content\/uploads\/2024\/09\/5d5d82cc-a285-4c35-bfd0-19713aa6d484-300x225.jpeg 300w, https:\/\/valasskemezirici.casd.cz\/wp-content\/uploads\/2024\/09\/5d5d82cc-a285-4c35-bfd0-19713aa6d484-1024x768.jpeg 1024w, https:\/\/valasskemezirici.casd.cz\/wp-content\/uploads\/2024\/09\/5d5d82cc-a285-4c35-bfd0-19713aa6d484-768x576.jpeg 768w, https:\/\/valasskemezirici.casd.cz\/wp-content\/uploads\/2024\/09\/5d5d82cc-a285-4c35-bfd0-19713aa6d484-1536x1152.jpeg 1536w\" sizes=\"auto, (max-width: 616px) 100vw, 616px\" \/><\/p>\n<p><img loading=\"lazy\" decoding=\"async\" class=\"alignnone wp-image-8769\" src=\"https:\/\/valasskemezirici.casd.cz\/wp-content\/uploads\/2024\/09\/f247de26-a86b-4a25-acab-c9e7d6d07aec.jpeg\" alt=\"\" width=\"618\" height=\"463\" srcset=\"https:\/\/valasskemezirici.casd.cz\/wp-content\/uploads\/2024\/09\/f247de26-a86b-4a25-acab-c9e7d6d07aec.jpeg 2040w, https:\/\/valasskemezirici.casd.cz\/wp-content\/uploads\/2024\/09\/f247de26-a86b-4a25-acab-c9e7d6d07aec-300x225.jpeg 300w, https:\/\/valasskemezirici.casd.cz\/wp-content\/uploads\/2024\/09\/f247de26-a86b-4a25-acab-c9e7d6d07aec-1024x768.jpeg 1024w, https:\/\/valasskemezirici.casd.cz\/wp-content\/uploads\/2024\/09\/f247de26-a86b-4a25-acab-c9e7d6d07aec-768x576.jpeg 768w, https:\/\/valasskemezirici.casd.cz\/wp-content\/uploads\/2024\/09\/f247de26-a86b-4a25-acab-c9e7d6d07aec-1536x1152.jpeg 1536w\" sizes=\"auto, (max-width: 618px) 100vw, 618px\" \/><\/p>\n","protected":false},"excerpt":{"rendered":"<p>Kdo chce v t\u011bchto dnech nav\u0161t\u00edvit n\u00e1\u0161 sbor, mus\u00ed to vz\u00edt tak trochu oklikou. D\u016fvodem je dlouho o\u010dek\u00e1van\u00e1 rekonstrukce schodi\u0161t\u011b a p\u0159\u00edstupov\u00e9ho chodn\u00edku k modlitebn\u011b. Zat\u00edm co chodn\u00ed\u010dky vedouc\u00ed do duchovn\u00edch st\u00e1nk\u016f br\u00e1\u0161k\u016f z jin\u00fdch c\u00edrkv\u00ed na\u0161eho m\u011bsta sv\u00fdm kr\u00e1sn\u00fdm dl\u00e1\u017ed\u011bn\u00edm p\u0159\u00edmo vyz\u00fdvaj\u00ed ke vstupu, n\u00e1\u0161 sbore\u010dek byl del\u0161\u00ed dobu Popelkou. Ale te\u010f u\u017e to [&hellip;]<\/p>\n","protected":false},"author":1,"featured_media":0,"comment_status":"closed","ping_status":"open","sticky":false,"template":"","format":"standard","meta":{"ngg_post_thumbnail":0,"footnotes":""},"categories":[1],"tags":[],"class_list":["post-8767","post","type-post","status-publish","format-standard","hentry","category-nezarazene"],"_links":{"self":[{"href":"https:\/\/valasskemezirici.casd.cz\/index.php?rest_route=\/wp\/v2\/posts\/8767","targetHints":{"allow":["GET"]}}],"collection":[{"href":"https:\/\/valasskemezirici.casd.cz\/index.php?rest_route=\/wp\/v2\/posts"}],"about":[{"href":"https:\/\/valasskemezirici.casd.cz\/index.php?rest_route=\/wp\/v2\/types\/post"}],"author":[{"embeddable":true,"href":"https:\/\/valasskemezirici.casd.cz\/index.php?rest_route=\/wp\/v2\/users\/1"}],"replies":[{"embeddable":true,"href":"https:\/\/valasskemezirici.casd.cz\/index.php?rest_route=%2Fwp%2Fv2%2Fcomments&post=8767"}],"version-history":[{"count":1,"href":"https:\/\/valasskemezirici.casd.cz\/index.php?rest_route=\/wp\/v2\/posts\/8767\/revisions"}],"predecessor-version":[{"id":8770,"href":"https:\/\/valasskemezirici.casd.cz\/index.php?rest_route=\/wp\/v2\/posts\/8767\/revisions\/8770"}],"wp:attachment":[{"href":"https:\/\/valasskemezirici.casd.cz\/index.php?rest_route=%2Fwp%2Fv2%2Fmedia&parent=8767"}],"wp:term":[{"taxonomy":"category","embeddable":true,"href":"https:\/\/valasskemezirici.casd.cz\/index.php?rest_route=%2Fwp%2Fv2%2Fcategories&post=8767"},{"taxonomy":"post_tag","embeddable":true,"href":"https:\/\/valasskemezirici.casd.cz\/index.php?rest_route=%2Fwp%2Fv2%2Ftags&post=8767"}],"curies":[{"name":"wp","href":"https:\/\/api.w.org\/{rel}","templated":true}]}}