{"id":8771,"date":"2024-09-29T12:12:37","date_gmt":"2024-09-29T10:12:37","guid":{"rendered":"https:\/\/valasskemezirici.casd.cz\/?p=8771"},"modified":"2024-09-29T12:12:37","modified_gmt":"2024-09-29T10:12:37","slug":"sobota-28-zari-2024","status":"publish","type":"post","link":"https:\/\/valasskemezirici.casd.cz\/?p=8771","title":{"rendered":"Sobota 28.z\u00e1\u0159\u00ed 2024"},"content":{"rendered":"<p style=\"text-align: justify;\">Dne\u0161n\u00ed n\u00e1v\u0161t\u011bvn\u00edky bohoslu\u017eby narazili dnes p\u0159i pokusu o vstup do modlitebny na hromadu \u0161t\u011brku, vytrhan\u00e9 dla\u017edice, bag\u0159\u00edk a n\u00e1kladn\u00ed auto. D\u016fvodem je dlouho o\u010dek\u00e1van\u00e1 rekonstrukce schodi\u0161t\u011b a chodn\u00edku. Sou\u010dasn\u011b bude tak\u00e9 \u0159e\u0161ena nevyhovuj\u00edc\u00ed ter\u00e9nn\u00ed \u00faprava p\u0159ed vchodem, kter\u00e1 zp\u016fsobovala p\u0159i ka\u017ed\u00e9m v\u011bt\u0161\u00edm de\u0161ti vytopen\u00ed gar\u00e1\u017e\u00ed a sklep\u016f. Tak\u017ee bez ostychu vstupte vchodem pro byty, jste zv\u00e1ni.<\/p>\n<p style=\"text-align: justify;\">Vz\u00e1cn\u00fdm hostem byl dnes p\u0159edseda MSS Daniel Dobe\u0161 se svou man\u017eelkou a tch\u00fdn\u00ed. D\u016fvodem n\u00e1v\u0161t\u011bvy je 95.v\u00fdro\u010d\u00ed vzniku sboru CASD ve Vala\u0161sk\u00e9m Mezi\u0159\u00ed\u010d\u00ed, kter\u00fd se nejprve sch\u00e1zel po dom\u00e1cnostech, pozd\u011bji p\u0159ijal pohostinstv\u00ed evangelick\u00e9ho kostela a pot\u00e9 zakoupil d\u016fm na H\u0159bitovn\u00ed ulici. Nejprve se \u010dlenov\u00e9 sch\u00e1zeli v&nbsp;1.&nbsp;pat\u0159e, pozd\u011bji byla vybudov\u00e1na sou\u010dasn\u00e1 kr\u00e1sn\u00e1 prosklen\u00e1 modlitebna s&nbsp;v\u00fdhledem do zahrady, kter\u00e1 slou\u017e\u00ed u\u017e 40 let.<\/p>\n<p><img loading=\"lazy\" decoding=\"async\" class=\"alignnone  wp-image-8772\" src=\"https:\/\/valasskemezirici.casd.cz\/wp-content\/uploads\/2024\/09\/bf0f0744-fda8-46a3-9315-ccc930c8f4c5.jpeg\" alt=\"\" width=\"631\" height=\"473\" srcset=\"https:\/\/valasskemezirici.casd.cz\/wp-content\/uploads\/2024\/09\/bf0f0744-fda8-46a3-9315-ccc930c8f4c5.jpeg 2040w, https:\/\/valasskemezirici.casd.cz\/wp-content\/uploads\/2024\/09\/bf0f0744-fda8-46a3-9315-ccc930c8f4c5-300x225.jpeg 300w, https:\/\/valasskemezirici.casd.cz\/wp-content\/uploads\/2024\/09\/bf0f0744-fda8-46a3-9315-ccc930c8f4c5-1024x768.jpeg 1024w, https:\/\/valasskemezirici.casd.cz\/wp-content\/uploads\/2024\/09\/bf0f0744-fda8-46a3-9315-ccc930c8f4c5-768x576.jpeg 768w, https:\/\/valasskemezirici.casd.cz\/wp-content\/uploads\/2024\/09\/bf0f0744-fda8-46a3-9315-ccc930c8f4c5-1536x1152.jpeg 1536w\" sizes=\"auto, (max-width: 631px) 100vw, 631px\" \/><\/p>\n<p><!--more--><\/p>\n<p style=\"text-align: justify;\">Sobotn\u00ed \u0161kolou n\u00e1s dnes provedla sestra Anna Petrovi\u010dov\u00e1. Uzav\u0159eli jsme studium evangelia podle Marka. Zde jsou hlavn\u00ed my\u0161lenky \u00fakolu:<\/p>\n<p style=\"text-align: justify;\">Je\u017e\u00ed\u0161ovo uk\u0159i\u017eov\u00e1n\u00ed vzalo nad\u011bji a v\u00edru u\u010dedn\u00edk\u016fm. B\u00e1li se o sv\u00e9 \u017eivoty. Je\u017e\u00ed\u0161 zem\u0159el v p\u00e1tek pozd\u011b odpoledne, a je\u0161t\u011b p\u0159ed z\u00e1padem slunce byl<strong>&nbsp;<\/strong>poh\u0159ben. B\u011bhem soboty odpo\u010d\u00edval v hrob\u011b a odpo\u010d\u00edvaly \u017eeny i u\u010dedn\u00edci. V ned\u011bli r\u00e1no v\u0161ak na\u0161ly u\u017e jen pr\u00e1zdn\u00fd hrob. Pro k\u0159es\u0165any je pam\u00e1tkou na vzk\u0159\u00ed\u0161en\u00ed k\u0159est, ne ned\u011bln\u00ed den odpo\u010dinku.&nbsp;D\u016fkazy o Je\u017e\u00ed\u0161ov\u011b vzk\u0159\u00ed\u0161en\u00ed jsou dostate\u010dn\u00e9 a opodstatn\u011bn\u00e9. Pr\u00e1zdn\u00fd hrob, mnoho sv\u011bdk\u016f, rozm\u00e1haj\u00edc\u00ed se c\u00edrkev. Byli by tito lid\u00e9 ochotni zem\u0159\u00edt za to, o \u010dem by v\u011bd\u011bli, \u017ee&nbsp;je le\u017e? \u017deny cestou vzpom\u00ednaly na Kristovy skutky, ale jeho slib si nep\u0159ipomn\u011bly. Kdy\u017e se dozv\u011bd\u011bly o Je\u017e\u00ed\u0161ov\u011b vzk\u0159\u00ed\u0161en\u00ed, utekly od hrobu. Pozd\u011bji se v\u0161ichni osm\u011blili. V\u0161ude k\u00e1zali; a P\u00e1n jejich slovo potvrzoval znamen\u00edmi. Je\u017e\u00ed\u0161 se po zmrtv\u00fdchvst\u00e1n\u00ed zjevil Marii, jin\u00fdm \u017een\u00e1m a u\u010dedn\u00edk\u016fm. Pokud by si u\u010dedn\u00edci p\u0159\u00edb\u011bh vymysleli, ur\u010dit\u011b by sami sebe nevykreslovali ve \u0161patn\u00e9m sv\u011btle.&nbsp;Je\u017e\u00ed\u0161 nakonec pov\u011b\u0159il sv\u00e9 u\u010dedn\u00edky, aby nesli evangelium cel\u00e9mu sv\u011btu. Jejich neochv\u011bjn\u00e9 hl\u00e1s\u00e1n\u00ed evangelia p\u0159edstavuje siln\u00fd d\u016fkaz o pravdivosti jejich poselstv\u00ed.<\/p>\n<p><img loading=\"lazy\" decoding=\"async\" class=\"alignnone  wp-image-8773\" src=\"https:\/\/valasskemezirici.casd.cz\/wp-content\/uploads\/2024\/09\/c78003d7-a861-4a9d-958e-d0f40f1b8aaf.jpeg\" alt=\"\" width=\"604\" height=\"453\" srcset=\"https:\/\/valasskemezirici.casd.cz\/wp-content\/uploads\/2024\/09\/c78003d7-a861-4a9d-958e-d0f40f1b8aaf.jpeg 2040w, https:\/\/valasskemezirici.casd.cz\/wp-content\/uploads\/2024\/09\/c78003d7-a861-4a9d-958e-d0f40f1b8aaf-300x225.jpeg 300w, https:\/\/valasskemezirici.casd.cz\/wp-content\/uploads\/2024\/09\/c78003d7-a861-4a9d-958e-d0f40f1b8aaf-1024x768.jpeg 1024w, https:\/\/valasskemezirici.casd.cz\/wp-content\/uploads\/2024\/09\/c78003d7-a861-4a9d-958e-d0f40f1b8aaf-768x576.jpeg 768w, https:\/\/valasskemezirici.casd.cz\/wp-content\/uploads\/2024\/09\/c78003d7-a861-4a9d-958e-d0f40f1b8aaf-1536x1152.jpeg 1536w\" sizes=\"auto, (max-width: 604px) 100vw, 604px\" \/><\/p>\n<p style=\"text-align: justify;\">Druh\u00e1 sobotn\u00ed t\u0159\u00edda pro p\u0159\u00e1tele se tak\u00e9 vyvedla. T\u00e9ma bylo stejn\u00e9, jen zp\u016fsob prob\u00edr\u00e1n\u00ed trochu jin\u00fd. V\u0161ichni si \u201e\u0161koli\u010dku\u201c pochvalovali a t\u011b\u0161\u00ed se na p\u0159\u00ed\u0161t\u00ed sobotu.<\/p>\n<p style=\"text-align: justify;\">K\u00e1z\u00e1n\u00edm n\u00e1m poslou\u017eil n\u00e1\u0161 host Daniel Dobe\u0161. Kdo ho zn\u00e1, v\u00ed, \u017ee sou\u010d\u00e1st\u00ed jeho zamy\u0161len\u00ed je i \u201etest\u00edk\u201c dopln\u011bn\u00fd tajenkou pro poslucha\u010de, kter\u00fd jim pom\u016f\u017ee zapamatovat si hlavn\u00ed my\u0161lenky a ver\u0161e. Bratr Daniel sice nekontroluje spr\u00e1vnost odpov\u011bd\u00ed, ale jako spr\u00e1vn\u00fd vyu\u010duj\u00edc\u00ed podpo\u0159\u00ed aktivitu t\u00edm, \u017ee v\u0161ichni bez rozd\u00edlu dostanou na konci k\u00e1z\u00e1n\u00ed kr\u00e1snou z\u00e1lo\u017eku s&nbsp;moudr\u00fdm cit\u00e1tem a biblick\u00fdm ver\u0161em. Zvukov\u00fd z\u00e1znam k\u00e1z\u00e1n\u00ed najdete na na\u0161em webu a test\u00edk k&nbsp;vypln\u011bn\u00ed p\u0159ikl\u00e1d\u00e1me.<\/p>\n<ol>\n<li>Biblick\u00e9 ver\u0161e pou\u017eit\u00e9 v k\u00e1z\u00e1n\u00ed<\/li>\n<li>Kdy\u017e v\u0161ak lid\u00e9 spali, p\u0159i\u0161el nep\u0159\u00edtel a zasel:\n<ol>\n<li>P\u0161enici<\/li>\n<li>Plevel<\/li>\n<li>P\u0161enici a plevel<\/li>\n<\/ol>\n<\/li>\n<li>Jak\u00e1 role je v&nbsp;tomto podobenstv\u00ed vyhrazena n\u00e1m lidem?\n<ol>\n<li>\u017denci<\/li>\n<li>Slu\u017eebn\u00edci<\/li>\n<li>Hosdpod\u00e1\u0159<\/li>\n<\/ol>\n<\/li>\n<li>Pro\u010d se hospod\u00e1\u0159 zd\u00e1nliv\u011b zast\u00e1v\u00e1 plevele? Pro\u010d ho hned nevytrh\u00e1?<\/li>\n<li>Na jakou \u010dinnost se zam\u011b\u0159uj\u00ed slu\u017eebn\u00edci hospod\u00e1\u0159e?\n<ol>\n<li>Na \u017ee\u0148 a \u00farodu<\/li>\n<li>Na p\u0161enici<\/li>\n<li>Na plevel<\/li>\n<\/ol>\n<\/li>\n<li>Jak\u00e1 je naopak priorita hospod\u00e1\u0159e v&nbsp;tomto podobenstv\u00ed?<\/li>\n<\/ol>\n<p>&nbsp;<\/p>\n","protected":false},"excerpt":{"rendered":"<p>Dne\u0161n\u00ed n\u00e1v\u0161t\u011bvn\u00edky bohoslu\u017eby narazili dnes p\u0159i pokusu o vstup do modlitebny na hromadu \u0161t\u011brku, vytrhan\u00e9 dla\u017edice, bag\u0159\u00edk a n\u00e1kladn\u00ed auto. D\u016fvodem je dlouho o\u010dek\u00e1van\u00e1 rekonstrukce schodi\u0161t\u011b a chodn\u00edku. Sou\u010dasn\u011b bude tak\u00e9 \u0159e\u0161ena nevyhovuj\u00edc\u00ed ter\u00e9nn\u00ed \u00faprava p\u0159ed vchodem, kter\u00e1 zp\u016fsobovala p\u0159i ka\u017ed\u00e9m v\u011bt\u0161\u00edm de\u0161ti vytopen\u00ed gar\u00e1\u017e\u00ed a sklep\u016f. Tak\u017ee bez ostychu vstupte vchodem pro byty, jste [&hellip;]<\/p>\n","protected":false},"author":1,"featured_media":0,"comment_status":"closed","ping_status":"open","sticky":false,"template":"","format":"standard","meta":{"ngg_post_thumbnail":0,"footnotes":""},"categories":[1],"tags":[],"class_list":["post-8771","post","type-post","status-publish","format-standard","hentry","category-nezarazene"],"_links":{"self":[{"href":"https:\/\/valasskemezirici.casd.cz\/index.php?rest_route=\/wp\/v2\/posts\/8771","targetHints":{"allow":["GET"]}}],"collection":[{"href":"https:\/\/valasskemezirici.casd.cz\/index.php?rest_route=\/wp\/v2\/posts"}],"about":[{"href":"https:\/\/valasskemezirici.casd.cz\/index.php?rest_route=\/wp\/v2\/types\/post"}],"author":[{"embeddable":true,"href":"https:\/\/valasskemezirici.casd.cz\/index.php?rest_route=\/wp\/v2\/users\/1"}],"replies":[{"embeddable":true,"href":"https:\/\/valasskemezirici.casd.cz\/index.php?rest_route=%2Fwp%2Fv2%2Fcomments&post=8771"}],"version-history":[{"count":1,"href":"https:\/\/valasskemezirici.casd.cz\/index.php?rest_route=\/wp\/v2\/posts\/8771\/revisions"}],"predecessor-version":[{"id":8774,"href":"https:\/\/valasskemezirici.casd.cz\/index.php?rest_route=\/wp\/v2\/posts\/8771\/revisions\/8774"}],"wp:attachment":[{"href":"https:\/\/valasskemezirici.casd.cz\/index.php?rest_route=%2Fwp%2Fv2%2Fmedia&parent=8771"}],"wp:term":[{"taxonomy":"category","embeddable":true,"href":"https:\/\/valasskemezirici.casd.cz\/index.php?rest_route=%2Fwp%2Fv2%2Fcategories&post=8771"},{"taxonomy":"post_tag","embeddable":true,"href":"https:\/\/valasskemezirici.casd.cz\/index.php?rest_route=%2Fwp%2Fv2%2Ftags&post=8771"}],"curies":[{"name":"wp","href":"https:\/\/api.w.org\/{rel}","templated":true}]}}