{"id":8819,"date":"2024-11-03T21:00:21","date_gmt":"2024-11-03T20:00:21","guid":{"rendered":"https:\/\/valasskemezirici.casd.cz\/?p=8819"},"modified":"2024-11-03T21:10:30","modified_gmt":"2024-11-03T20:10:30","slug":"sobota-12-listopadu-2024","status":"publish","type":"post","link":"https:\/\/valasskemezirici.casd.cz\/?p=8819","title":{"rendered":"Sobota 12.\u0159\u00edjna 2024"},"content":{"rendered":"<p>Dne\u0161n\u00ed \u00fakol se zab\u00fdval znamen\u00edmi a z\u00e1zraky. Konkr\u00e9tn\u011b m\u011bl n\u00e1zev \u201eZnamen\u00ed Kristova Bo\u017estv\u00ed\u201c. Probrala ho s&nbsp;n\u00e1mi Iva Ch\u00e1rov\u00e1. Je\u017e\u00ed\u0161 v\u017edy existoval a nikdy nebyl \u010das, kdy by neexistoval. P\u0159esto\u017ee Je\u017e\u00ed\u0161 p\u0159i\u0161el na tento sv\u011bt a vzal na sebe na\u0161e lidstv\u00ed, v\u017edy si zachoval sv\u00e9 bo\u017estv\u00ed a v p\u0159esn\u011b ur\u010den\u00e9 dob\u011b \u0159\u00edkal a d\u011blal to, co zjevovalo jeho bo\u017estv\u00ed. Tato pravda byla pro Jana d\u016fle\u017eit\u00e1. Proto prost\u0159ednictv\u00edm popisu n\u011bkter\u00fdch Je\u017e\u00ed\u0161ov\u00fdch z\u00e1zrak\u016f poukazoval i na Kristovo bo\u017estv\u00ed. Je\u017e\u00ed\u0161 nejen \u0159\u00edkal pravdy, kter\u00e9 odhalovaly jeho bo\u017estv\u00ed, ale sv\u00e1 slova podpo\u0159il skutky, kter\u00e9 jeho bo\u017estv\u00ed projevily a potvrdily. Zam\u011b\u0159ili jsme se na t\u0159i nejv\u011bt\u0161\u00ed znamen\u00ed Je\u017e\u00ed\u0161ova bo\u017estv\u00ed. Zar\u00e1\u017eej\u00edc\u00ed je, \u017ee v ka\u017ed\u00e9m uveden\u00e9m p\u0159\u00edpad\u011b n\u011bkte\u0159\u00ed lid\u00e9 konkr\u00e9tn\u00edmu z\u00e1zraku bu\u010f neuv\u011b\u0159ili, nebo nepochopili jeho v\u00fdznam. Pro n\u011bkter\u00e9 to byl \u010das odvr\u00e1cen\u00ed se od Je\u017e\u00ed\u0161e, pro jin\u00e9 \u010das na prohlouben\u00ed vlastn\u00ed slepoty a pro dal\u0161\u00ed \u010das pl\u00e1nov\u00e1n\u00ed Je\u017e\u00ed\u0161ovy smrti. A pro ostatn\u00ed to byl \u010das uv\u011b\u0159it, \u017ee Je\u017e\u00ed\u0161 je Mesi\u00e1\u0161.<\/p>\n<p>P\u0159\u00edsp\u011bvek p\u0159ed k\u00e1z\u00e1n\u00edm dnes m\u011bla Kv\u011bta Ty\u0161erov\u00e1. K\u00e1z\u00e1n\u00edm z Bo\u017e\u00edho slova n\u00e1m poslou\u017eil bratr Jarom\u00edr Ju\u0159\u00ednek ze Vset\u00edna. Audio z\u00e1znam si m\u016f\u017eete poslechnout pod odkazem K\u00e1z\u00e1n\u00ed.<\/p>\n<p><img loading=\"lazy\" decoding=\"async\" class=\"alignnone wp-image-8820\" src=\"https:\/\/valasskemezirici.casd.cz\/wp-content\/uploads\/2024\/11\/4654e969-7725-41a7-8472-814c56c3348b.jpeg\" alt=\"\" width=\"644\" height=\"859\" srcset=\"https:\/\/valasskemezirici.casd.cz\/wp-content\/uploads\/2024\/11\/4654e969-7725-41a7-8472-814c56c3348b.jpeg 1536w, https:\/\/valasskemezirici.casd.cz\/wp-content\/uploads\/2024\/11\/4654e969-7725-41a7-8472-814c56c3348b-225x300.jpeg 225w, https:\/\/valasskemezirici.casd.cz\/wp-content\/uploads\/2024\/11\/4654e969-7725-41a7-8472-814c56c3348b-768x1024.jpeg 768w, https:\/\/valasskemezirici.casd.cz\/wp-content\/uploads\/2024\/11\/4654e969-7725-41a7-8472-814c56c3348b-1152x1536.jpeg 1152w\" sizes=\"auto, (max-width: 644px) 100vw, 644px\" \/><\/p>\n<p><img loading=\"lazy\" decoding=\"async\" class=\"alignnone wp-image-8821\" src=\"https:\/\/valasskemezirici.casd.cz\/wp-content\/uploads\/2024\/11\/c1e8061c-8373-45b2-a3dc-698efcccfcaa.jpeg\" alt=\"\" width=\"646\" height=\"861\" srcset=\"https:\/\/valasskemezirici.casd.cz\/wp-content\/uploads\/2024\/11\/c1e8061c-8373-45b2-a3dc-698efcccfcaa.jpeg 1536w, https:\/\/valasskemezirici.casd.cz\/wp-content\/uploads\/2024\/11\/c1e8061c-8373-45b2-a3dc-698efcccfcaa-225x300.jpeg 225w, https:\/\/valasskemezirici.casd.cz\/wp-content\/uploads\/2024\/11\/c1e8061c-8373-45b2-a3dc-698efcccfcaa-768x1024.jpeg 768w, https:\/\/valasskemezirici.casd.cz\/wp-content\/uploads\/2024\/11\/c1e8061c-8373-45b2-a3dc-698efcccfcaa-1152x1536.jpeg 1152w\" sizes=\"auto, (max-width: 646px) 100vw, 646px\" \/><\/p>\n","protected":false},"excerpt":{"rendered":"<p>Dne\u0161n\u00ed \u00fakol se zab\u00fdval znamen\u00edmi a z\u00e1zraky. Konkr\u00e9tn\u011b m\u011bl n\u00e1zev \u201eZnamen\u00ed Kristova Bo\u017estv\u00ed\u201c. Probrala ho s&nbsp;n\u00e1mi Iva Ch\u00e1rov\u00e1. Je\u017e\u00ed\u0161 v\u017edy existoval a nikdy nebyl \u010das, kdy by neexistoval. P\u0159esto\u017ee Je\u017e\u00ed\u0161 p\u0159i\u0161el na tento sv\u011bt a vzal na sebe na\u0161e lidstv\u00ed, v\u017edy si zachoval sv\u00e9 bo\u017estv\u00ed a v p\u0159esn\u011b ur\u010den\u00e9 dob\u011b \u0159\u00edkal a d\u011blal to, co [&hellip;]<\/p>\n","protected":false},"author":1,"featured_media":0,"comment_status":"closed","ping_status":"open","sticky":false,"template":"","format":"standard","meta":{"ngg_post_thumbnail":0,"footnotes":""},"categories":[1],"tags":[],"class_list":["post-8819","post","type-post","status-publish","format-standard","hentry","category-nezarazene"],"_links":{"self":[{"href":"https:\/\/valasskemezirici.casd.cz\/index.php?rest_route=\/wp\/v2\/posts\/8819","targetHints":{"allow":["GET"]}}],"collection":[{"href":"https:\/\/valasskemezirici.casd.cz\/index.php?rest_route=\/wp\/v2\/posts"}],"about":[{"href":"https:\/\/valasskemezirici.casd.cz\/index.php?rest_route=\/wp\/v2\/types\/post"}],"author":[{"embeddable":true,"href":"https:\/\/valasskemezirici.casd.cz\/index.php?rest_route=\/wp\/v2\/users\/1"}],"replies":[{"embeddable":true,"href":"https:\/\/valasskemezirici.casd.cz\/index.php?rest_route=%2Fwp%2Fv2%2Fcomments&post=8819"}],"version-history":[{"count":2,"href":"https:\/\/valasskemezirici.casd.cz\/index.php?rest_route=\/wp\/v2\/posts\/8819\/revisions"}],"predecessor-version":[{"id":8838,"href":"https:\/\/valasskemezirici.casd.cz\/index.php?rest_route=\/wp\/v2\/posts\/8819\/revisions\/8838"}],"wp:attachment":[{"href":"https:\/\/valasskemezirici.casd.cz\/index.php?rest_route=%2Fwp%2Fv2%2Fmedia&parent=8819"}],"wp:term":[{"taxonomy":"category","embeddable":true,"href":"https:\/\/valasskemezirici.casd.cz\/index.php?rest_route=%2Fwp%2Fv2%2Fcategories&post=8819"},{"taxonomy":"post_tag","embeddable":true,"href":"https:\/\/valasskemezirici.casd.cz\/index.php?rest_route=%2Fwp%2Fv2%2Ftags&post=8819"}],"curies":[{"name":"wp","href":"https:\/\/api.w.org\/{rel}","templated":true}]}}