{"id":8829,"date":"2024-11-03T21:06:52","date_gmt":"2024-11-03T20:06:52","guid":{"rendered":"https:\/\/valasskemezirici.casd.cz\/?p=8829"},"modified":"2024-11-03T21:10:08","modified_gmt":"2024-11-03T20:10:08","slug":"sobota-19-listopadu-2024","status":"publish","type":"post","link":"https:\/\/valasskemezirici.casd.cz\/?p=8829","title":{"rendered":"Sobota 19.\u0159\u00edjna 2024"},"content":{"rendered":"<p style=\"text-align: justify;\">Stavebn\u00ed pr\u00e1ce na na\u0161em vchodu st\u00e1le pokra\u010duj\u00ed. M\u00edsto rozpadaj\u00edc\u00edho se schodi\u0161t\u011b se za\u010d\u00edn\u00e1 r\u00fdsovat vyv\u00fd\u0161en\u00e1 rampa, kter\u00e1 umo\u017en\u00ed i bezbari\u00e9rov\u00fd p\u0159\u00edstup do modlitebny. A to je dob\u0159e.<\/p>\n<p style=\"text-align: justify;\">Prvn\u00ed \u010d\u00e1st dne\u0161n\u00ed bohoslu\u017eby byla v&nbsp;re\u017eii man\u017eel\u016f Petrovi\u010dov\u00fdch. Jako by zv\u00fd\u0161en\u00fdm \u00fasil\u00edm cht\u011bli kompenzovat to, \u017ee je te\u010f n\u011bkolik t\u00fddn\u016f neuvid\u00edme z&nbsp;d\u016fvodu n\u00e1v\u0161t\u011bvy d\u011bt\u00ed v&nbsp;USA. Jenda n\u00e1m p\u0159e\u010detl shrnut\u00ed minul\u00e9ho \u00fakolu, kter\u00fdm ka\u017edou sobotu obohacuje na\u0161e studium, a Ani\u010dko s&nbsp;poctivost\u00ed sob\u011b vlastn\u00ed s&nbsp;n\u00e1mi probrala \u00fakol \u201eProlog : Na po\u010d\u00e1tku\u201c.<\/p>\n<p style=\"text-align: justify;\">V prvn\u00edch slovech a v\u011bt\u00e1ch sv\u00fdch knih pisatel\u00e9 Nov\u00e9ho z\u00e1kona obvykle odhaluj\u00ed t\u00e9mata, kter\u00fdm se cht\u011bj\u00ed v\u011bnovat. Podobn\u011b jedn\u00e1 i Jan. Sv\u00e1 t\u00e9mata p\u0159edstavuje jako sou\u010d\u00e1st velk\u00e9ho kosmick\u00e9ho p\u0159\u00edb\u011bhu, kter\u00fd zobrazuje nejd\u016fle\u017eit\u011bj\u0161\u00ed pravdy o Je\u017e\u00ed\u0161i Kristu \u2013 pravdy, kter\u00e9 sahaj\u00ed je\u0161t\u011b p\u0159ed stvo\u0159en\u00ed. Jan tedy na \u00favod p\u0159edstavuje Je\u017e\u00ed\u0161e jako Mesi\u00e1\u0161e. T\u00edm z\u00edsk\u00e1vaj\u00ed \u010dten\u00e1\u0159i v\u00fdhodu, kterou postavy v jeho knize nem\u011bly. \u010cten\u00e1\u0159 m\u016f\u017ee jasn\u011b rozpoznat velk\u00e1 t\u00e9mata, ke kter\u00fdm se evangelista vrac\u00ed p\u0159i vypr\u00e1v\u011bn\u00ed Je\u017e\u00ed\u0161ova p\u0159\u00edb\u011bhu. Autor je zasazuje do historick\u00e9ho obdob\u00ed Je\u017e\u00ed\u0161ova pozemsk\u00e9ho \u017eivota.<\/p>\n<p style=\"text-align: justify;\">P\u0159\u00edsp\u011bvek p\u0159ed k\u00e1z\u00e1n\u00edm m\u011bla sestra Iva Ch\u00e1rov\u00e1. P\u0159\u00edb\u011bhem z&nbsp;pera Bruna Ferrera n\u00e1m byl poeticky pod\u00e1n souboj mezi Je\u017e\u00ed\u0161em a satanem.<\/p>\n<p style=\"text-align: justify;\">K\u00e1z\u00e1n\u00edm z&nbsp;Bo\u017e\u00edho slova n\u00e1m poslou\u017eil kazatel Hynek Dona. Audio z\u00e1znam najdete na na\u0161em webu.<\/p>\n<p><img loading=\"lazy\" decoding=\"async\" class=\"alignnone wp-image-8830\" src=\"https:\/\/valasskemezirici.casd.cz\/wp-content\/uploads\/2024\/11\/884036f6-17ae-4c47-9078-c6ff0788c0f6.jpeg\" alt=\"\" width=\"338\" height=\"254\" srcset=\"https:\/\/valasskemezirici.casd.cz\/wp-content\/uploads\/2024\/11\/884036f6-17ae-4c47-9078-c6ff0788c0f6.jpeg 2048w, https:\/\/valasskemezirici.casd.cz\/wp-content\/uploads\/2024\/11\/884036f6-17ae-4c47-9078-c6ff0788c0f6-300x225.jpeg 300w, https:\/\/valasskemezirici.casd.cz\/wp-content\/uploads\/2024\/11\/884036f6-17ae-4c47-9078-c6ff0788c0f6-1024x768.jpeg 1024w, https:\/\/valasskemezirici.casd.cz\/wp-content\/uploads\/2024\/11\/884036f6-17ae-4c47-9078-c6ff0788c0f6-768x576.jpeg 768w, https:\/\/valasskemezirici.casd.cz\/wp-content\/uploads\/2024\/11\/884036f6-17ae-4c47-9078-c6ff0788c0f6-1536x1152.jpeg 1536w\" sizes=\"auto, (max-width: 338px) 100vw, 338px\" \/> <img loading=\"lazy\" decoding=\"async\" class=\" wp-image-8831\" src=\"https:\/\/valasskemezirici.casd.cz\/wp-content\/uploads\/2024\/11\/IMG_20241019_093900-scaled.jpg\" alt=\"\" width=\"340\" height=\"255\" srcset=\"https:\/\/valasskemezirici.casd.cz\/wp-content\/uploads\/2024\/11\/IMG_20241019_093900-scaled.jpg 2560w, https:\/\/valasskemezirici.casd.cz\/wp-content\/uploads\/2024\/11\/IMG_20241019_093900-300x225.jpg 300w, https:\/\/valasskemezirici.casd.cz\/wp-content\/uploads\/2024\/11\/IMG_20241019_093900-1024x768.jpg 1024w, https:\/\/valasskemezirici.casd.cz\/wp-content\/uploads\/2024\/11\/IMG_20241019_093900-768x576.jpg 768w, https:\/\/valasskemezirici.casd.cz\/wp-content\/uploads\/2024\/11\/IMG_20241019_093900-1536x1152.jpg 1536w, https:\/\/valasskemezirici.casd.cz\/wp-content\/uploads\/2024\/11\/IMG_20241019_093900-2048x1536.jpg 2048w\" sizes=\"auto, (max-width: 340px) 100vw, 340px\" \/><\/p>\n","protected":false},"excerpt":{"rendered":"<p>Stavebn\u00ed pr\u00e1ce na na\u0161em vchodu st\u00e1le pokra\u010duj\u00ed. M\u00edsto rozpadaj\u00edc\u00edho se schodi\u0161t\u011b se za\u010d\u00edn\u00e1 r\u00fdsovat vyv\u00fd\u0161en\u00e1 rampa, kter\u00e1 umo\u017en\u00ed i bezbari\u00e9rov\u00fd p\u0159\u00edstup do modlitebny. A to je dob\u0159e. Prvn\u00ed \u010d\u00e1st dne\u0161n\u00ed bohoslu\u017eby byla v&nbsp;re\u017eii man\u017eel\u016f Petrovi\u010dov\u00fdch. Jako by zv\u00fd\u0161en\u00fdm \u00fasil\u00edm cht\u011bli kompenzovat to, \u017ee je te\u010f n\u011bkolik t\u00fddn\u016f neuvid\u00edme z&nbsp;d\u016fvodu n\u00e1v\u0161t\u011bvy d\u011bt\u00ed v&nbsp;USA. Jenda n\u00e1m p\u0159e\u010detl [&hellip;]<\/p>\n","protected":false},"author":1,"featured_media":0,"comment_status":"closed","ping_status":"open","sticky":false,"template":"","format":"standard","meta":{"ngg_post_thumbnail":0,"footnotes":""},"categories":[1],"tags":[],"class_list":["post-8829","post","type-post","status-publish","format-standard","hentry","category-nezarazene"],"_links":{"self":[{"href":"https:\/\/valasskemezirici.casd.cz\/index.php?rest_route=\/wp\/v2\/posts\/8829","targetHints":{"allow":["GET"]}}],"collection":[{"href":"https:\/\/valasskemezirici.casd.cz\/index.php?rest_route=\/wp\/v2\/posts"}],"about":[{"href":"https:\/\/valasskemezirici.casd.cz\/index.php?rest_route=\/wp\/v2\/types\/post"}],"author":[{"embeddable":true,"href":"https:\/\/valasskemezirici.casd.cz\/index.php?rest_route=\/wp\/v2\/users\/1"}],"replies":[{"embeddable":true,"href":"https:\/\/valasskemezirici.casd.cz\/index.php?rest_route=%2Fwp%2Fv2%2Fcomments&post=8829"}],"version-history":[{"count":2,"href":"https:\/\/valasskemezirici.casd.cz\/index.php?rest_route=\/wp\/v2\/posts\/8829\/revisions"}],"predecessor-version":[{"id":8837,"href":"https:\/\/valasskemezirici.casd.cz\/index.php?rest_route=\/wp\/v2\/posts\/8829\/revisions\/8837"}],"wp:attachment":[{"href":"https:\/\/valasskemezirici.casd.cz\/index.php?rest_route=%2Fwp%2Fv2%2Fmedia&parent=8829"}],"wp:term":[{"taxonomy":"category","embeddable":true,"href":"https:\/\/valasskemezirici.casd.cz\/index.php?rest_route=%2Fwp%2Fv2%2Fcategories&post=8829"},{"taxonomy":"post_tag","embeddable":true,"href":"https:\/\/valasskemezirici.casd.cz\/index.php?rest_route=%2Fwp%2Fv2%2Ftags&post=8829"}],"curies":[{"name":"wp","href":"https:\/\/api.w.org\/{rel}","templated":true}]}}