{"id":8833,"date":"2024-11-03T21:09:50","date_gmt":"2024-11-03T20:09:50","guid":{"rendered":"https:\/\/valasskemezirici.casd.cz\/?p=8833"},"modified":"2024-11-03T21:09:53","modified_gmt":"2024-11-03T20:09:53","slug":"sobota-2-listopadu-2024","status":"publish","type":"post","link":"https:\/\/valasskemezirici.casd.cz\/?p=8833","title":{"rendered":"Sobota 2.listopadu 2024"},"content":{"rendered":"<p style=\"text-align: justify;\">Dne\u0161n\u00ed sobotou za\u010dal modlitebn\u00ed t\u00fdden na\u0161\u00ed c\u00edrkve. Ka\u017ed\u00fd den budeme v&nbsp;dom\u00e1cnostech jednotliv\u00fdch \u010dlen\u016f studovat p\u0159edn\u00e1\u0161ky s&nbsp;n\u00e1zvem Bible \u2013 Bo\u017e\u00ed slovo. P\u00edsmo je \u00fa\u017easn\u00fd dar, pom\u00e1h\u00e1 n\u00e1m, pot\u011b\u0161uje, rad\u00ed, napom\u00edn\u00e1. Lep\u0161\u00ed kucha\u0159ku pro \u017eivot n\u00e1m n\u00e1\u0161 P\u00e1n nemohl d\u00e1t.<\/p>\n<p style=\"text-align: justify;\">\u00dakolem sobotn\u00ed \u0161koly \u201eSv\u011bdectv\u00ed Sama\u0159an\u016f\u201c n\u00e1s provedla Kv\u011bta Ty\u0161erov\u00e1. Severn\u00ed izraelsk\u00e9 kr\u00e1lovstv\u00ed se v roce 722 p\u0159ed Kristem dostalo do podru\u010d\u00ed Asy\u0159an\u016f. Aby Asy\u0159an\u00e9 udr\u017eeli na ovl\u00e1dan\u00fdch \u00fazem\u00edch politickou stabilitu, rozpt\u00fdlili sv\u00e9 zajatce po cel\u00e9 \u0159\u00ed\u0161i. Takto se zajatci z jin\u00fdch n\u00e1rod\u016f (hlavn\u011b z Mezopot\u00e1mie) dostali do oblasti Severn\u00edho kr\u00e1lovstv\u00ed. Tito nov\u00ed obyvatel\u00e9 Sama\u0159\u00ed se postupn\u011b sm\u00edsili s p\u016fvodn\u00edm obyvatelstvem a za\u010dali praktikovat vlastn\u00ed formu judaismu. Vztahy mezi nimi a \u017didy v\u0161ak nebyly dobr\u00e9. Sama\u0159an\u00e9 se nap\u0159\u00edklad sna\u017eili ma\u0159it obnovu chr\u00e1mu p\u0159i n\u00e1vratu \u017did\u016f z Babyl\u00f3na. Postavili si toti\u017e mezit\u00edm sv\u016fj vlastn\u00ed chr\u00e1m na ho\u0159e Geri- hr\u00e1mu p\u0159i n\u00e1vratu \u017did\u016f z Babyl\u00f3na. Tento chr\u00e1m v\u0161ak zni\u010dil \u017eidovsk\u00fd vl\u00e1dce Jochanan Hyrk\u00e1n v roce 128 p\u0159ed Kristem. Nevra\u017eivost mezi nimi v\u0161ak pokra\u010dovala i v prvn\u00edm stolet\u00ed. \u017did\u00e9 se Sama\u0159\u00ed vyh\u00fdbali, jak se jen dalo. P\u0159esto\u017ee vz\u00e1jemn\u011b omezen\u011b obchodovali, jak\u00e9koli dal\u0161\u00ed vztahy byly tabu. \u017did\u00e9 si od Sama\u0159an\u016f nep\u016fj\u010dovali, ba odm\u00edtali od nich p\u0159ijmout jakoukoli laskavost. Pr\u00e1v\u011b v tomto kontextu Jan vypr\u00e1v\u00ed o setk\u00e1n\u00ed Je\u017e\u00ed\u0161e se \u017eenou u studny a n\u00e1sledn\u00e9m setk\u00e1n\u00ed s lidmi ze sama\u0159sk\u00e9ho m\u011bsta Sychar.<\/p>\n<p style=\"text-align: justify;\">K\u00e1z\u00e1n\u00edm n\u00e1m dnes poslou\u017eil bratr Jenda Majer, kter\u00e9ho v\u017edy velmi r\u00e1di vid\u00edme. K&nbsp;na\u0161emu sbore\u010dku m\u00e1 vazby z&nbsp;minul\u00fdch let a na\u0161e vztahy neochladly. Nejprve n\u00e1m pustil kousek filmu \u017divot Je\u017e\u00ed\u0161e, pr\u00e1v\u011b tu \u010d\u00e1st, kter\u00e1 ukazovala ud\u00e1lost prob\u00edranou v&nbsp;\u00fakole \u2013 setk\u00e1n\u00ed Je\u017e\u00ed\u0161e s&nbsp;\u017eenou u studny. Pot\u00e9 n\u00e1m p\u0159ipomenul historii a v\u00fdznam Bible za prom\u00edt\u00e1n\u00ed doprovodn\u00e9 prezentace. Kr\u00e1snou te\u010dkou k\u00e1z\u00e1n\u00ed byl videoklip ukazuj\u00edc\u00ed Je\u017e\u00ed\u0161e, kter\u00fd je s&nbsp;n\u00e1mi v&nbsp;ka\u017ed\u00e9m okam\u017eiku na\u0161eho \u017eivota \u2013 a\u0165 u\u017e jsme vesel\u00ed, nebo n\u00e1s n\u011bco tr\u00e1p\u00ed.<\/p>\n<p style=\"text-align: justify;\">P\u0159ejeme v\u0161em po\u017eehnan\u00e9 chv\u00edle modlitebn\u00edho t\u00fddne.<\/p>\n<p><img loading=\"lazy\" decoding=\"async\" class=\" wp-image-8834\" src=\"https:\/\/valasskemezirici.casd.cz\/wp-content\/uploads\/2024\/11\/IMG_20241102_094451-scaled.jpg\" alt=\"\" width=\"604\" height=\"453\" srcset=\"https:\/\/valasskemezirici.casd.cz\/wp-content\/uploads\/2024\/11\/IMG_20241102_094451-scaled.jpg 2560w, https:\/\/valasskemezirici.casd.cz\/wp-content\/uploads\/2024\/11\/IMG_20241102_094451-300x225.jpg 300w, https:\/\/valasskemezirici.casd.cz\/wp-content\/uploads\/2024\/11\/IMG_20241102_094451-1024x768.jpg 1024w, https:\/\/valasskemezirici.casd.cz\/wp-content\/uploads\/2024\/11\/IMG_20241102_094451-768x576.jpg 768w, https:\/\/valasskemezirici.casd.cz\/wp-content\/uploads\/2024\/11\/IMG_20241102_094451-1536x1152.jpg 1536w, https:\/\/valasskemezirici.casd.cz\/wp-content\/uploads\/2024\/11\/IMG_20241102_094451-2048x1536.jpg 2048w\" sizes=\"auto, (max-width: 604px) 100vw, 604px\" \/><\/p>\n<p><img loading=\"lazy\" decoding=\"async\" class=\" wp-image-8835\" src=\"https:\/\/valasskemezirici.casd.cz\/wp-content\/uploads\/2024\/11\/IMG_20241102_095735-scaled.jpg\" alt=\"\" width=\"602\" height=\"802\" srcset=\"https:\/\/valasskemezirici.casd.cz\/wp-content\/uploads\/2024\/11\/IMG_20241102_095735-scaled.jpg 1920w, https:\/\/valasskemezirici.casd.cz\/wp-content\/uploads\/2024\/11\/IMG_20241102_095735-225x300.jpg 225w, https:\/\/valasskemezirici.casd.cz\/wp-content\/uploads\/2024\/11\/IMG_20241102_095735-768x1024.jpg 768w, https:\/\/valasskemezirici.casd.cz\/wp-content\/uploads\/2024\/11\/IMG_20241102_095735-1152x1536.jpg 1152w, https:\/\/valasskemezirici.casd.cz\/wp-content\/uploads\/2024\/11\/IMG_20241102_095735-1536x2048.jpg 1536w\" sizes=\"auto, (max-width: 602px) 100vw, 602px\" \/><\/p>\n","protected":false},"excerpt":{"rendered":"<p>Dne\u0161n\u00ed sobotou za\u010dal modlitebn\u00ed t\u00fdden na\u0161\u00ed c\u00edrkve. Ka\u017ed\u00fd den budeme v&nbsp;dom\u00e1cnostech jednotliv\u00fdch \u010dlen\u016f studovat p\u0159edn\u00e1\u0161ky s&nbsp;n\u00e1zvem Bible \u2013 Bo\u017e\u00ed slovo. P\u00edsmo je \u00fa\u017easn\u00fd dar, pom\u00e1h\u00e1 n\u00e1m, pot\u011b\u0161uje, rad\u00ed, napom\u00edn\u00e1. Lep\u0161\u00ed kucha\u0159ku pro \u017eivot n\u00e1m n\u00e1\u0161 P\u00e1n nemohl d\u00e1t. \u00dakolem sobotn\u00ed \u0161koly \u201eSv\u011bdectv\u00ed Sama\u0159an\u016f\u201c n\u00e1s provedla Kv\u011bta Ty\u0161erov\u00e1. Severn\u00ed izraelsk\u00e9 kr\u00e1lovstv\u00ed se v roce 722 p\u0159ed [&hellip;]<\/p>\n","protected":false},"author":1,"featured_media":0,"comment_status":"closed","ping_status":"open","sticky":false,"template":"","format":"standard","meta":{"ngg_post_thumbnail":0,"footnotes":""},"categories":[1],"tags":[],"class_list":["post-8833","post","type-post","status-publish","format-standard","hentry","category-nezarazene"],"_links":{"self":[{"href":"https:\/\/valasskemezirici.casd.cz\/index.php?rest_route=\/wp\/v2\/posts\/8833","targetHints":{"allow":["GET"]}}],"collection":[{"href":"https:\/\/valasskemezirici.casd.cz\/index.php?rest_route=\/wp\/v2\/posts"}],"about":[{"href":"https:\/\/valasskemezirici.casd.cz\/index.php?rest_route=\/wp\/v2\/types\/post"}],"author":[{"embeddable":true,"href":"https:\/\/valasskemezirici.casd.cz\/index.php?rest_route=\/wp\/v2\/users\/1"}],"replies":[{"embeddable":true,"href":"https:\/\/valasskemezirici.casd.cz\/index.php?rest_route=%2Fwp%2Fv2%2Fcomments&post=8833"}],"version-history":[{"count":1,"href":"https:\/\/valasskemezirici.casd.cz\/index.php?rest_route=\/wp\/v2\/posts\/8833\/revisions"}],"predecessor-version":[{"id":8836,"href":"https:\/\/valasskemezirici.casd.cz\/index.php?rest_route=\/wp\/v2\/posts\/8833\/revisions\/8836"}],"wp:attachment":[{"href":"https:\/\/valasskemezirici.casd.cz\/index.php?rest_route=%2Fwp%2Fv2%2Fmedia&parent=8833"}],"wp:term":[{"taxonomy":"category","embeddable":true,"href":"https:\/\/valasskemezirici.casd.cz\/index.php?rest_route=%2Fwp%2Fv2%2Fcategories&post=8833"},{"taxonomy":"post_tag","embeddable":true,"href":"https:\/\/valasskemezirici.casd.cz\/index.php?rest_route=%2Fwp%2Fv2%2Ftags&post=8833"}],"curies":[{"name":"wp","href":"https:\/\/api.w.org\/{rel}","templated":true}]}}