{"id":8851,"date":"2024-12-03T20:51:40","date_gmt":"2024-12-03T19:51:40","guid":{"rendered":"https:\/\/valasskemezirici.casd.cz\/?p=8851"},"modified":"2024-12-03T20:51:40","modified_gmt":"2024-12-03T19:51:40","slug":"beseda-s-ing-jaromirem-vykoukalem","status":"publish","type":"post","link":"https:\/\/valasskemezirici.casd.cz\/?p=8851","title":{"rendered":"Beseda s Ing. Jarom\u00edrem Vykoukalem"},"content":{"rendered":"<p style=\"text-align: left;\">Ve \u010dtvrtek 14.listopadu jsme m\u011bli besedu s&nbsp;vojensk\u00fdm historikem Ing.Jarom\u00edrem Vykoukalem a t\u00e9matem byl <em>\u201eIzrael p\u0159ed 7.\u0159\u00edjnem 2023, 7.\u0159\u00edjna a po n\u011bm\u201c<\/em>.<\/p>\n<p style=\"text-align: left;\">Dne 7.\u0159\u00edjna 2023 provedly dokonale vycvi\u010den\u00e9 s\u00edly teroristick\u00e9 organizace HAMAS kombinovan\u00fd \u00fatok p\u0159es ochranou barieru, kter\u00e1 obklopuje lokalitu zn\u00e1mou jako P\u00e1smo Gazy. Terorist\u00e9 doc\u00edlili dokonal\u00e9ho momentu p\u0159ekvapen\u00ed a jejich nel\u00edtostn\u00fd \u00fatok zni\u010dil obrann\u00e1 postaven\u00ed a ubytovac\u00ed t\u00e1bory izraelsk\u00e9 arm\u00e1dy, a sou\u010dasn\u011b zah\u00e1jili stra\u0161liv\u00fd masakr obyvatel p\u0159ilehl\u00fdch izraelsk\u00fdch s\u00eddel.<\/p>\n<p style=\"text-align: justify;\">Nen\u00ed zlo\u010din proti lidskosti, kter\u00fd by nesp\u00e1chali a n\u011bkter\u00e9 nov\u00e9 vymysleli. Z\u016fstal po nich obraz naprost\u00e9 apokalypsy. P\u0159ekvapen\u00ed izrael\u0161t\u00ed politici a arm\u00e1da reagovali pomalu a trvalo dlouh\u00e9 t\u0159i dny, ne\u017e arm\u00e1da op\u011bt ovl\u00e1dla izraelsk\u00e9 \u00fazem\u00ed. D\u016fsledky byli d\u011bsiv\u00e9 a jsou v\u0161eobecn\u011b zn\u00e1m\u00e9.<\/p>\n<p style=\"text-align: justify;\">N\u00e1sledovala leteck\u00e1 ofenziva c\u00edl\u00edc\u00ed na v\u0161echny c\u00edle HAMASu a po n\u00ed pozemn\u00ed operace, kter\u00e1 trv\u00e1 dodnes.<\/p>\n<p style=\"text-align: justify;\">P\u0159edn\u00e1\u0161ej\u00edc\u00ed se pokusil probrat d\u011bn\u00ed v&nbsp;Izraeli a na \u00fazem\u00edch pod spr\u00e1vou palestinsk\u00fdch Arab\u016f, kter\u00e9 vedlo k&nbsp;t\u00e9to hr\u016fze a mo\u017en\u00e9 c\u00edle terorist\u016f i izraelsk\u00e9 odvety. Uk\u00e1zal i reakci sv\u011bta po masakru a dnes.<\/p>\n<p><img loading=\"lazy\" decoding=\"async\" class=\"alignnone  wp-image-8852\" src=\"https:\/\/valasskemezirici.casd.cz\/wp-content\/uploads\/2024\/12\/c18d680f-a4e0-434c-af59-8e28dbd219e6.jpg\" alt=\"\" width=\"613\" height=\"817\" srcset=\"https:\/\/valasskemezirici.casd.cz\/wp-content\/uploads\/2024\/12\/c18d680f-a4e0-434c-af59-8e28dbd219e6.jpg 1530w, https:\/\/valasskemezirici.casd.cz\/wp-content\/uploads\/2024\/12\/c18d680f-a4e0-434c-af59-8e28dbd219e6-225x300.jpg 225w, https:\/\/valasskemezirici.casd.cz\/wp-content\/uploads\/2024\/12\/c18d680f-a4e0-434c-af59-8e28dbd219e6-768x1024.jpg 768w, https:\/\/valasskemezirici.casd.cz\/wp-content\/uploads\/2024\/12\/c18d680f-a4e0-434c-af59-8e28dbd219e6-1152x1536.jpg 1152w\" sizes=\"auto, (max-width: 613px) 100vw, 613px\" \/><\/p>\n","protected":false},"excerpt":{"rendered":"<p>Ve \u010dtvrtek 14.listopadu jsme m\u011bli besedu s&nbsp;vojensk\u00fdm historikem Ing.Jarom\u00edrem Vykoukalem a t\u00e9matem byl \u201eIzrael p\u0159ed 7.\u0159\u00edjnem 2023, 7.\u0159\u00edjna a po n\u011bm\u201c. Dne 7.\u0159\u00edjna 2023 provedly dokonale vycvi\u010den\u00e9 s\u00edly teroristick\u00e9 organizace HAMAS kombinovan\u00fd \u00fatok p\u0159es ochranou barieru, kter\u00e1 obklopuje lokalitu zn\u00e1mou jako P\u00e1smo Gazy. Terorist\u00e9 doc\u00edlili dokonal\u00e9ho momentu p\u0159ekvapen\u00ed a jejich nel\u00edtostn\u00fd \u00fatok zni\u010dil obrann\u00e1 postaven\u00ed [&hellip;]<\/p>\n","protected":false},"author":1,"featured_media":0,"comment_status":"closed","ping_status":"open","sticky":false,"template":"","format":"standard","meta":{"ngg_post_thumbnail":0,"footnotes":""},"categories":[1],"tags":[],"class_list":["post-8851","post","type-post","status-publish","format-standard","hentry","category-nezarazene"],"_links":{"self":[{"href":"https:\/\/valasskemezirici.casd.cz\/index.php?rest_route=\/wp\/v2\/posts\/8851","targetHints":{"allow":["GET"]}}],"collection":[{"href":"https:\/\/valasskemezirici.casd.cz\/index.php?rest_route=\/wp\/v2\/posts"}],"about":[{"href":"https:\/\/valasskemezirici.casd.cz\/index.php?rest_route=\/wp\/v2\/types\/post"}],"author":[{"embeddable":true,"href":"https:\/\/valasskemezirici.casd.cz\/index.php?rest_route=\/wp\/v2\/users\/1"}],"replies":[{"embeddable":true,"href":"https:\/\/valasskemezirici.casd.cz\/index.php?rest_route=%2Fwp%2Fv2%2Fcomments&post=8851"}],"version-history":[{"count":1,"href":"https:\/\/valasskemezirici.casd.cz\/index.php?rest_route=\/wp\/v2\/posts\/8851\/revisions"}],"predecessor-version":[{"id":8853,"href":"https:\/\/valasskemezirici.casd.cz\/index.php?rest_route=\/wp\/v2\/posts\/8851\/revisions\/8853"}],"wp:attachment":[{"href":"https:\/\/valasskemezirici.casd.cz\/index.php?rest_route=%2Fwp%2Fv2%2Fmedia&parent=8851"}],"wp:term":[{"taxonomy":"category","embeddable":true,"href":"https:\/\/valasskemezirici.casd.cz\/index.php?rest_route=%2Fwp%2Fv2%2Fcategories&post=8851"},{"taxonomy":"post_tag","embeddable":true,"href":"https:\/\/valasskemezirici.casd.cz\/index.php?rest_route=%2Fwp%2Fv2%2Ftags&post=8851"}],"curies":[{"name":"wp","href":"https:\/\/api.w.org\/{rel}","templated":true}]}}