{"id":8854,"date":"2024-12-03T21:10:44","date_gmt":"2024-12-03T20:10:44","guid":{"rendered":"https:\/\/valasskemezirici.casd.cz\/?p=8854"},"modified":"2024-12-03T21:10:47","modified_gmt":"2024-12-03T20:10:47","slug":"sobota-9-listopadu-2024","status":"publish","type":"post","link":"https:\/\/valasskemezirici.casd.cz\/?p=8854","title":{"rendered":"Sobota 9.listopadu 2024"},"content":{"rendered":"<p>Dne\u0161n\u00ed sobota byla posledn\u00edm dnem modlitebn\u00edho t\u00fddne. Cel\u00fd t\u00fdden jsme se sch\u00e1zeli v&nbsp;jednotliv\u00fdch dom\u00e1cnostech a studovali p\u0159edn\u00e1\u0161ky t\u00fdkaj\u00edc\u00ed se Bible, Bo\u017e\u00edho slova. Ve\u010dery v&nbsp;p\u0159\u00e1telsk\u00e9 atmosf\u00e9\u0159e, spole\u010dn\u00e1 zamy\u0161len\u00ed a chutn\u00e9 dobroty p\u0159ipravovan\u00e9 na\u0161imi sestrami byly velmi po\u017eehnan\u00e9.<\/p>\n<p>\u00dakolem sobotn\u00ed \u0161koly n\u00e1s provedl Franti\u0161ek Tomanec. N\u00e1zev byl \u201eDal\u0161\u00ed sv\u011bdectv\u00ed o Je\u017e\u00ed\u0161i\u201c. Je\u017e\u00ed\u0161 nejen <em>\u0159\u00edkal <\/em>\u00fa\u017easn\u00e9 v\u011bci o sob\u011b, o tom, kdo je, kdo ho poslal nebo odkud p\u0159i\u0161el. On tak\u00e9 <em>ukazoval,<\/em> kdo je, prost\u0159ednictv\u00edm sv\u00fdch z\u00e1zrak\u016f a&nbsp;znamen\u00ed. Mnoz\u00ed z t\u011bch, kdo v n\u011bho uv\u011b\u0159ili, vydali o Je\u017e\u00ed\u0161i sv\u011bdectv\u00ed: <em>\u201eA\u017e&nbsp;p\u0159ijde Mesi\u00e1\u0161, bude snad \u010dinit v\u00edce znamen\u00ed ne\u017e on?\u201c<\/em>. Je\u017e\u00ed\u0161 sv\u00e1 slova podpo\u0159il \u010diny, kter\u00e9 dokazovaly pravdivost jeho slov.&nbsp;Postupn\u011b v\u0161ak mezi lidmi za\u010d\u00ednalo doch\u00e1zet k rozd\u011blen\u00ed. Uzdraven\u00ed mu\u017ee u rybn\u00edka Bethesda vyvolalo hn\u011bv n\u011bkter\u00fdch n\u00e1bo\u017eensk\u00fdch v\u016fdc\u016f. Diskuze v Kafarnau po nasycen\u00ed p\u011bti tis\u00edc vedla k tomu, \u017ee z\u00e1stupy Je\u017e\u00ed\u0161e nakonec odm\u00edtly. Vzk\u0159\u00ed\u0161en\u00ed Lazara n\u011bkter\u00e9 p\u0159ivedlo k v\u00ed\u0159e, ale v jin\u00fdch vzbudilo nep\u0159\u00e1telstv\u00ed, kter\u00e9 vedlo a\u017e k odsouzen\u00ed a poprav\u011b Je\u017e\u00ed\u0161e. Zam\u011b\u0159ili jsme se na situace, p\u0159i kter\u00fdch lid\u00e9 vid\u011bli Je\u017e\u00ed\u0161ovy \u010diny a sv\u011bd\u010dili o n\u011bm. P\u0159i ka\u017ed\u00e9 z t\u011bchto ud\u00e1lost\u00ed se odhaluj\u00ed n\u011bkter\u00e9 aspekty toho, k\u00fdm Je\u017e\u00ed\u0161 skute\u010dn\u011b je, a dohromady vytv\u00e1\u0159ej\u00ed hlub\u0161\u00ed pohled na Je\u017e\u00ed\u0161e jako Mesi\u00e1\u0161e.<\/p>\n<p><!--more--><\/p>\n<p>P\u0159\u00edsp\u011bvek p\u0159ed k\u00e1z\u00e1n\u00edm m\u011bla p\u0159ipraven\u00fd sestra Kv\u011bta Ty\u0161erov\u00e1.<\/p>\n<p>K\u00e1z\u00e1n\u00ed dne\u0161n\u00edho dne bylo shrnut\u00edm ot\u00e1zek a rozbor hlavn\u00edch my\u0161lenek p\u0159edn\u00e1\u0161ek modlitebn\u00edho t\u00fddne. Probrali jsme je s&nbsp;vedouc\u00edm sboru Pavlem Pimkem.<\/p>\n<p>Modlitebn\u00ed t\u00fdden je pot\u0159eba uzav\u0159\u00edt modlitbami. Rozd\u011bleni do skupinek jsme sklonili p\u0159ed P\u00e1nem hlavy a prosili a d\u011bkovali. Modlitebn\u00ed chv\u00edli jsme uzav\u0159eli modlitbou, kterou n\u00e1m zanechal n\u00e1\u0161 P\u00e1n Je\u017e\u00ed\u0161 Kristus.<\/p>\n<p><img loading=\"lazy\" decoding=\"async\" class=\"alignnone wp-image-8855\" src=\"https:\/\/valasskemezirici.casd.cz\/wp-content\/uploads\/2024\/12\/60a45284-28b3-4704-be36-9ccdff8b4721.jpeg\" alt=\"\" width=\"623\" height=\"467\" srcset=\"https:\/\/valasskemezirici.casd.cz\/wp-content\/uploads\/2024\/12\/60a45284-28b3-4704-be36-9ccdff8b4721.jpeg 2048w, https:\/\/valasskemezirici.casd.cz\/wp-content\/uploads\/2024\/12\/60a45284-28b3-4704-be36-9ccdff8b4721-300x225.jpeg 300w, https:\/\/valasskemezirici.casd.cz\/wp-content\/uploads\/2024\/12\/60a45284-28b3-4704-be36-9ccdff8b4721-1024x768.jpeg 1024w, https:\/\/valasskemezirici.casd.cz\/wp-content\/uploads\/2024\/12\/60a45284-28b3-4704-be36-9ccdff8b4721-768x576.jpeg 768w, https:\/\/valasskemezirici.casd.cz\/wp-content\/uploads\/2024\/12\/60a45284-28b3-4704-be36-9ccdff8b4721-1536x1152.jpeg 1536w\" sizes=\"auto, (max-width: 623px) 100vw, 623px\" \/><\/p>\n<p><img loading=\"lazy\" decoding=\"async\" class=\"alignnone wp-image-8856\" src=\"https:\/\/valasskemezirici.casd.cz\/wp-content\/uploads\/2024\/12\/22c011bc-2ea2-409f-9d81-4def7fd25075.jpeg\" alt=\"\" width=\"307\" height=\"410\" srcset=\"https:\/\/valasskemezirici.casd.cz\/wp-content\/uploads\/2024\/12\/22c011bc-2ea2-409f-9d81-4def7fd25075.jpeg 1536w, https:\/\/valasskemezirici.casd.cz\/wp-content\/uploads\/2024\/12\/22c011bc-2ea2-409f-9d81-4def7fd25075-225x300.jpeg 225w, https:\/\/valasskemezirici.casd.cz\/wp-content\/uploads\/2024\/12\/22c011bc-2ea2-409f-9d81-4def7fd25075-768x1024.jpeg 768w, https:\/\/valasskemezirici.casd.cz\/wp-content\/uploads\/2024\/12\/22c011bc-2ea2-409f-9d81-4def7fd25075-1152x1536.jpeg 1152w\" sizes=\"auto, (max-width: 307px) 100vw, 307px\" \/> <img loading=\"lazy\" decoding=\"async\" class=\"alignnone wp-image-8857\" src=\"https:\/\/valasskemezirici.casd.cz\/wp-content\/uploads\/2024\/12\/dd4a64d0-ab8d-4d55-a06c-3a203641ee98.jpeg\" alt=\"\" width=\"307\" height=\"409\" srcset=\"https:\/\/valasskemezirici.casd.cz\/wp-content\/uploads\/2024\/12\/dd4a64d0-ab8d-4d55-a06c-3a203641ee98.jpeg 1536w, https:\/\/valasskemezirici.casd.cz\/wp-content\/uploads\/2024\/12\/dd4a64d0-ab8d-4d55-a06c-3a203641ee98-225x300.jpeg 225w, https:\/\/valasskemezirici.casd.cz\/wp-content\/uploads\/2024\/12\/dd4a64d0-ab8d-4d55-a06c-3a203641ee98-768x1024.jpeg 768w, https:\/\/valasskemezirici.casd.cz\/wp-content\/uploads\/2024\/12\/dd4a64d0-ab8d-4d55-a06c-3a203641ee98-1152x1536.jpeg 1152w\" sizes=\"auto, (max-width: 307px) 100vw, 307px\" \/><\/p>\n<p>&nbsp;<\/p>\n","protected":false},"excerpt":{"rendered":"<p>Dne\u0161n\u00ed sobota byla posledn\u00edm dnem modlitebn\u00edho t\u00fddne. Cel\u00fd t\u00fdden jsme se sch\u00e1zeli v&nbsp;jednotliv\u00fdch dom\u00e1cnostech a studovali p\u0159edn\u00e1\u0161ky t\u00fdkaj\u00edc\u00ed se Bible, Bo\u017e\u00edho slova. Ve\u010dery v&nbsp;p\u0159\u00e1telsk\u00e9 atmosf\u00e9\u0159e, spole\u010dn\u00e1 zamy\u0161len\u00ed a chutn\u00e9 dobroty p\u0159ipravovan\u00e9 na\u0161imi sestrami byly velmi po\u017eehnan\u00e9. \u00dakolem sobotn\u00ed \u0161koly n\u00e1s provedl Franti\u0161ek Tomanec. N\u00e1zev byl \u201eDal\u0161\u00ed sv\u011bdectv\u00ed o Je\u017e\u00ed\u0161i\u201c. Je\u017e\u00ed\u0161 nejen \u0159\u00edkal \u00fa\u017easn\u00e9 v\u011bci o [&hellip;]<\/p>\n","protected":false},"author":1,"featured_media":0,"comment_status":"closed","ping_status":"open","sticky":false,"template":"","format":"standard","meta":{"ngg_post_thumbnail":0,"footnotes":""},"categories":[1],"tags":[],"class_list":["post-8854","post","type-post","status-publish","format-standard","hentry","category-nezarazene"],"_links":{"self":[{"href":"https:\/\/valasskemezirici.casd.cz\/index.php?rest_route=\/wp\/v2\/posts\/8854","targetHints":{"allow":["GET"]}}],"collection":[{"href":"https:\/\/valasskemezirici.casd.cz\/index.php?rest_route=\/wp\/v2\/posts"}],"about":[{"href":"https:\/\/valasskemezirici.casd.cz\/index.php?rest_route=\/wp\/v2\/types\/post"}],"author":[{"embeddable":true,"href":"https:\/\/valasskemezirici.casd.cz\/index.php?rest_route=\/wp\/v2\/users\/1"}],"replies":[{"embeddable":true,"href":"https:\/\/valasskemezirici.casd.cz\/index.php?rest_route=%2Fwp%2Fv2%2Fcomments&post=8854"}],"version-history":[{"count":1,"href":"https:\/\/valasskemezirici.casd.cz\/index.php?rest_route=\/wp\/v2\/posts\/8854\/revisions"}],"predecessor-version":[{"id":8858,"href":"https:\/\/valasskemezirici.casd.cz\/index.php?rest_route=\/wp\/v2\/posts\/8854\/revisions\/8858"}],"wp:attachment":[{"href":"https:\/\/valasskemezirici.casd.cz\/index.php?rest_route=%2Fwp%2Fv2%2Fmedia&parent=8854"}],"wp:term":[{"taxonomy":"category","embeddable":true,"href":"https:\/\/valasskemezirici.casd.cz\/index.php?rest_route=%2Fwp%2Fv2%2Fcategories&post=8854"},{"taxonomy":"post_tag","embeddable":true,"href":"https:\/\/valasskemezirici.casd.cz\/index.php?rest_route=%2Fwp%2Fv2%2Ftags&post=8854"}],"curies":[{"name":"wp","href":"https:\/\/api.w.org\/{rel}","templated":true}]}}