{"id":8859,"date":"2024-12-03T21:13:08","date_gmt":"2024-12-03T20:13:08","guid":{"rendered":"https:\/\/valasskemezirici.casd.cz\/?p=8859"},"modified":"2024-12-03T21:13:10","modified_gmt":"2024-12-03T20:13:10","slug":"sobota-16-listopadu-2024","status":"publish","type":"post","link":"https:\/\/valasskemezirici.casd.cz\/?p=8859","title":{"rendered":"Sobota 16.listopadu 2024"},"content":{"rendered":"<p style=\"text-align: justify;\"><strong>Vset\u00ednsk\u00e1 adr\u00e1ck\u00e1 sobota<\/strong><\/p>\n<p style=\"text-align: justify;\">V polovin\u011b listopadu zav\u00edtal do vset\u00ednsk\u00e9ho sboru sou\u010dasn\u00fd \u0159editel \u010desk\u00e9 pobo\u010dky mezin\u00e1rodn\u00ed organizace ADRA, Radek \u0160pinka v doprovodu sv\u00e9 z\u00e1konn\u00e9 man\u017eelky Martiny. Dalo se \u010dekat, \u017ee jeho k\u00e1z\u00e1n\u00ed bude korespondovat s posl\u00e1n\u00edm uveden\u00e9 dobro\u010dinn\u00e9 agentury. P\u0159e\u010detl zn\u00e1m\u00e9 z\u00e1v\u011bre\u010dn\u00e9 ver\u0161e z 25. kapitoly Matou\u0161ova evangelia, kde je zaznamen\u00e1no \u00fapln\u011b posledn\u00ed Je\u017e\u00ed\u0161ovo k\u00e1z\u00e1n\u00ed p\u0159ed jeho uk\u0159i\u017eov\u00e1n\u00edm. Z\u00e1v\u011bre\u010dn\u00e1 \u0159e\u010d m\u00ed\u0159\u00ed k jeho op\u011btovn\u00e9mu n\u00e1vratu a t\u00edm i k ot\u00e1zce p\u0159\u00edpravy na tuto ud\u00e1lost. Mistr sv\u00fdm n\u00e1sledovn\u00edk\u016fm kupodivu nerad\u00ed, aby si nastudovali tu nejspr\u00e1vn\u011bj\u0161\u00ed teologii a stali se p\u0159\u00edslu\u0161n\u00edky nejdokonalej\u0161\u00ed c\u00edrkve, ale k n\u011b\u010demu naprosto ne\u010dekan\u00e9mu. To, jestli je vezme s sebou do sv\u00e9ho kr\u00e1lovstv\u00ed, bude mimo jin\u00e9 z\u00e1viset na tom, jak se v p\u0159\u00edpad\u011b pot\u0159eby zachovaj\u00ed k hladov\u00fdm, \u017e\u00edzniv\u00fdm, cizinc\u016fm, nah\u00fdm, nemocn\u00fdm, k v\u011bz\u0148\u016fm a v\u016fbec k t\u011bm nejposledn\u011bj\u0161\u00edm v lidsk\u00e9 spole\u010dnosti. Pr\u00e1v\u011b tam maj\u00ed mo\u017enost kontaktu se sv\u00fdm budouc\u00edm, dokonale zamaskovan\u00fdm kr\u00e1lem. V tomto kontextu je ur\u010dit\u011b chv\u00e1lyhodn\u00e9, \u017ee mezi\u0159\u00ed\u010dsk\u00fd sbor nezabouchl dve\u0159e p\u0159ed bezdomovci, nab\u00eddl ubytov\u00e1n\u00ed Ukrajink\u00e1m a dlouhodob\u011b host\u00ed ve sv\u00fdch prostor\u00e1ch Dobrovolnick\u00e9 centrum ADRA. A pr\u00e1v\u011b \u010dinnost t\u00e9to organizace byla st\u0159edobodem dal\u0161\u00ed \u010d\u00e1sti dopoledn\u00edho programu. \u0158editelova man\u017eelka prost\u0159ednictv\u00edm prom\u00edtan\u00fdch slajd\u016f p\u0159edstavila pestrou \u0161k\u00e1lu aktivit, kter\u00e9 jmenovan\u00e1 dobro\u010dinn\u00e1 spole\u010dnost lidem nab\u00edz\u00ed. A\u017e tady mi do\u0161lo, \u017ee jej\u00ed vala\u0161sk\u00fd prapo\u010d\u00e1tek lze nal\u00e9zt v t\u00e9\u017ee m\u00edstnosti, ve kter\u00e9 se dnes zdej\u0161\u00ed adventist\u00e9 shrom\u00e1\u017edili. Bylo to v r\u00e1mci spole\u010dn\u00e9ho setk\u00e1n\u00ed okoln\u00edch sbor\u016f n\u011bkdy na rozhran\u00ed let 1989 a 1990. Tedy v dob\u011b, kdy v Rumunsku zu\u0159ila zna\u010dn\u011b krvav\u00e1 revoluce. Se \u010cmel\u00e1kem a La\u010fou Smilkem jsme tenkr\u00e1t telefonicky oslovili Moravskoslezsk\u00e9 sdru\u017een\u00ed s nab\u00eddkou p\u0159\u00edpadn\u00e9 pomoci. B\u011bhem ledna se naskytla p\u0159\u00edle\u017eitost b\u00fdt sou\u010d\u00e1st\u00ed humanit\u00e1rn\u00ed cesty, j\u00ed\u017e \u0161\u00e9foval do t\u00e9 doby nezn\u00e1m\u00fd Rudolf Reitz. Pr\u00e1v\u011b tato osobnost za dva roky pot\u00e9 zalo\u017eila \u010deskou pobo\u010dku Adry, jej\u00ed\u017e naka\u017eliv\u00fd virus zas\u00e1hl i Vala\u0161sk\u00e9 kr\u00e1lovstv\u00ed a v\u00fdsledek zn\u00e1te. U\u017e dobr\u00fdch t\u0159icet rok\u016f d\u011bl\u00e1 radost nejen pot\u0159ebn\u00fdm, ale ur\u010dit\u011b i samotn\u00e9mu P\u00e1nu Bohu. V neposledn\u00ed \u0159ad\u011b i t\u011bm, kte\u0159\u00ed se do jej\u00edho bohulib\u00e9ho proudu tak \u010di onak aktivn\u011b namo\u010dili.<\/p>\n<p>FT<\/p>\n<p><img loading=\"lazy\" decoding=\"async\" class=\"alignnone wp-image-8860\" src=\"https:\/\/valasskemezirici.casd.cz\/wp-content\/uploads\/2024\/12\/20241116_101124-scaled.jpg\" alt=\"\" width=\"622\" height=\"339\" srcset=\"https:\/\/valasskemezirici.casd.cz\/wp-content\/uploads\/2024\/12\/20241116_101124-scaled.jpg 2560w, https:\/\/valasskemezirici.casd.cz\/wp-content\/uploads\/2024\/12\/20241116_101124-300x164.jpg 300w, https:\/\/valasskemezirici.casd.cz\/wp-content\/uploads\/2024\/12\/20241116_101124-1024x558.jpg 1024w, https:\/\/valasskemezirici.casd.cz\/wp-content\/uploads\/2024\/12\/20241116_101124-768x419.jpg 768w, https:\/\/valasskemezirici.casd.cz\/wp-content\/uploads\/2024\/12\/20241116_101124-1536x838.jpg 1536w, https:\/\/valasskemezirici.casd.cz\/wp-content\/uploads\/2024\/12\/20241116_101124-2048x1117.jpg 2048w\" sizes=\"auto, (max-width: 622px) 100vw, 622px\" \/><\/p>\n","protected":false},"excerpt":{"rendered":"<p>Vset\u00ednsk\u00e1 adr\u00e1ck\u00e1 sobota V polovin\u011b listopadu zav\u00edtal do vset\u00ednsk\u00e9ho sboru sou\u010dasn\u00fd \u0159editel \u010desk\u00e9 pobo\u010dky mezin\u00e1rodn\u00ed organizace ADRA, Radek \u0160pinka v doprovodu sv\u00e9 z\u00e1konn\u00e9 man\u017eelky Martiny. Dalo se \u010dekat, \u017ee jeho k\u00e1z\u00e1n\u00ed bude korespondovat s posl\u00e1n\u00edm uveden\u00e9 dobro\u010dinn\u00e9 agentury. P\u0159e\u010detl zn\u00e1m\u00e9 z\u00e1v\u011bre\u010dn\u00e9 ver\u0161e z 25. kapitoly Matou\u0161ova evangelia, kde je zaznamen\u00e1no \u00fapln\u011b posledn\u00ed Je\u017e\u00ed\u0161ovo k\u00e1z\u00e1n\u00ed p\u0159ed [&hellip;]<\/p>\n","protected":false},"author":1,"featured_media":0,"comment_status":"closed","ping_status":"open","sticky":false,"template":"","format":"standard","meta":{"ngg_post_thumbnail":0,"footnotes":""},"categories":[1],"tags":[],"class_list":["post-8859","post","type-post","status-publish","format-standard","hentry","category-nezarazene"],"_links":{"self":[{"href":"https:\/\/valasskemezirici.casd.cz\/index.php?rest_route=\/wp\/v2\/posts\/8859","targetHints":{"allow":["GET"]}}],"collection":[{"href":"https:\/\/valasskemezirici.casd.cz\/index.php?rest_route=\/wp\/v2\/posts"}],"about":[{"href":"https:\/\/valasskemezirici.casd.cz\/index.php?rest_route=\/wp\/v2\/types\/post"}],"author":[{"embeddable":true,"href":"https:\/\/valasskemezirici.casd.cz\/index.php?rest_route=\/wp\/v2\/users\/1"}],"replies":[{"embeddable":true,"href":"https:\/\/valasskemezirici.casd.cz\/index.php?rest_route=%2Fwp%2Fv2%2Fcomments&post=8859"}],"version-history":[{"count":1,"href":"https:\/\/valasskemezirici.casd.cz\/index.php?rest_route=\/wp\/v2\/posts\/8859\/revisions"}],"predecessor-version":[{"id":8861,"href":"https:\/\/valasskemezirici.casd.cz\/index.php?rest_route=\/wp\/v2\/posts\/8859\/revisions\/8861"}],"wp:attachment":[{"href":"https:\/\/valasskemezirici.casd.cz\/index.php?rest_route=%2Fwp%2Fv2%2Fmedia&parent=8859"}],"wp:term":[{"taxonomy":"category","embeddable":true,"href":"https:\/\/valasskemezirici.casd.cz\/index.php?rest_route=%2Fwp%2Fv2%2Fcategories&post=8859"},{"taxonomy":"post_tag","embeddable":true,"href":"https:\/\/valasskemezirici.casd.cz\/index.php?rest_route=%2Fwp%2Fv2%2Ftags&post=8859"}],"curies":[{"name":"wp","href":"https:\/\/api.w.org\/{rel}","templated":true}]}}