{"id":8868,"date":"2024-12-03T21:18:25","date_gmt":"2024-12-03T20:18:25","guid":{"rendered":"https:\/\/valasskemezirici.casd.cz\/?p=8868"},"modified":"2024-12-03T21:18:27","modified_gmt":"2024-12-03T20:18:27","slug":"sobota-30-listopadu-2024","status":"publish","type":"post","link":"https:\/\/valasskemezirici.casd.cz\/?p=8868","title":{"rendered":"Sobota 30.listopadu 2024"},"content":{"rendered":"<p style=\"text-align: justify;\">Pomalu ale jist\u011b se bl\u00ed\u017e\u00ed v\u00e1no\u010dn\u00ed sv\u00e1tky. Navzdory komer\u010dn\u00edmu tlaku supermarket\u016f by nem\u011blo j\u00edt o \u010das p\u0159ej\u00edd\u00e1n\u00ed a utr\u00e1cen\u00ed za nepot\u0159ebn\u00e9 d\u00e1rky. K\u0159es\u0165anskou podstatou v\u00e1noc by m\u011blo b\u00fdt rozd\u00e1v\u00e1n\u00ed radosti, l\u00e1sky, pomoci pot\u0159ebn\u00fdm. V&nbsp;tomto duchu se uskute\u010dn\u00ed v&nbsp;ned\u011bli 1.12.2024 v&nbsp;modlitebn\u011b C\u00edrkve apo\u0161tolsk\u00e9 po bohoslu\u017eb\u011b v\u00e1no\u010dn\u00ed jarmark, kde budou prod\u00e1v\u00e1ny rukod\u011bln\u00e9 v\u00fdrobky \u010dlen\u016f tohoto spole\u010denstv\u00ed a v\u00fdt\u011b\u017eek bude ur\u010den pro pomoc Ukrajin\u011b. Na akci jsme srde\u010dn\u011b zv\u00e1ni.<\/p>\n<p style=\"text-align: justify;\">Sobotn\u00ed \u0161koly se dnes ujal jej\u00ed vedouc\u00ed Bohumil Mro\u010dek. Pomalu se ch\u00fdl\u00edme ke konci studia Janova evangelia. \u00dakol m\u011bl n\u00e1zev \u201eZdroj \u017eivota\u201c.<\/p>\n<p style=\"text-align: justify;\">Na ot\u00e1zku, k\u00fdm je, odpov\u00edd\u00e1 Je\u017e\u00ed\u0161 v Evangeliu podle Jana v\u011bt\u0161inou v\u00fdrazem, kter\u00fd ozna\u010duje bo\u017estv\u00ed. \u201eJ\u00c1 JSEM\u201c odkazuje na samotn\u00e9ho Hospodina, kter\u00fd se zjevil <em>Moj\u017e\u00ed\u0161ovi \u201ev pl\u00e1polaj\u00edc\u00edm ohni uprost\u0159ed trnit\u00e9ho ke\u0159e\u201c<\/em> (Ex 3,2) a \u0159ekl mu: <em>\u201eJSEM, KTER\u00dd JSEM\u201c<\/em> (Ex 3,14). T\u00e9ma \u201eJ\u00c1 JSEM\u201c je velmi siln\u011b p\u0159\u00edtomno v cel\u00e9m Evangeliu podle Jana. Reflektuje je i z\u00e1kladn\u00ed ver\u0161 na\u0161\u00ed lekce: <em>\u201eJ\u00e1 jsem ta cesta, pravda i \u017eivot\u201c<\/em>. \u201eJ\u00c1 JSEM\u201c je tak\u00e9 sv\u011btlo sv\u011bta, chl\u00e9b \u017eivota, dve\u0159e ovc\u00ed, dobr\u00fd past\u00fd\u0159, vzk\u0159\u00ed\u0161en\u00ed a \u017eivot a prav\u00fd vinn\u00fd kmen.<\/p>\n<p><!--more--><\/p>\n<p style=\"text-align: justify;\">V\u011bnovali jsme se t\u00e9matu zjeven\u00ed Boha, jak je p\u0159edstavuje apo\u0161tol Jan. Zkoumali jsme i odvr\u00e1cenou str\u00e1nku ud\u00e1lost\u00ed, pro kter\u00e9 mnoz\u00ed odm\u00edtli Je\u017e\u00ed\u0161e jako Mesi\u00e1\u0161e, a to i p\u0159es siln\u00e9 d\u016fkazy v podob\u011b jeho slov a \u010din\u016f. T\u00e9to chyby bychom se m\u011bli vyvarovat i my. M\u011bli bychom hledat zp\u016fsob jak oslovit ty, kter\u00fdm hroz\u00ed, \u017ee se t\u00e9to chyby dopust\u00ed.<\/p>\n<p style=\"text-align: justify;\">V&nbsp;na\u0161em sbore\u010dku se ujalo mal\u00e9 sladk\u00e9 ob\u010derstven\u00ed s&nbsp;dobr\u00fdm \u010dajem b\u011bhem p\u0159est\u00e1vky. Pro \u010dleny je to \u010das, kdy si mohou p\u0159\u00edjemn\u011b popov\u00eddat. P\u0159\u00e1telsk\u00e1 atmosf\u00e9ra t\u011bchto chvil je \u00fa\u017easn\u00e1.<\/p>\n<p style=\"text-align: justify;\">K\u00e1z\u00e1n\u00edm z&nbsp;Bo\u017e\u00edho slova n\u00e1m poslou\u017eil Hynek Dona. P\u0159em\u00fd\u0161leli jsme, jakou zpr\u00e1vu p\u0159ed\u00e1v\u00e1me lidem okolo sebe. Sd\u011blujeme jim hororov\u00e9 informace o budouc\u00edch ud\u00e1lostech, nebo \u0161\u00ed\u0159\u00edme nad\u011bji, radost a Je\u017e\u00ed\u0161e Krista? Je pro n\u00e1s Zjeven\u00ed kniha, kter\u00e1 n\u00e1s stra\u0161\u00ed, nebo je to pro n\u00e1s p\u0159\u00edjemn\u00e9 \u010dten\u00ed? Audio z\u00e1znam najdete na na\u0161ich str\u00e1nk\u00e1ch.<\/p>\n<p><img loading=\"lazy\" decoding=\"async\" class=\"alignnone wp-image-8869\" src=\"https:\/\/valasskemezirici.casd.cz\/wp-content\/uploads\/2024\/12\/474e39ac-ccc7-48e7-a3dc-b4d169d3dc91.jpeg\" alt=\"\" width=\"603\" height=\"452\" srcset=\"https:\/\/valasskemezirici.casd.cz\/wp-content\/uploads\/2024\/12\/474e39ac-ccc7-48e7-a3dc-b4d169d3dc91.jpeg 2048w, https:\/\/valasskemezirici.casd.cz\/wp-content\/uploads\/2024\/12\/474e39ac-ccc7-48e7-a3dc-b4d169d3dc91-300x225.jpeg 300w, https:\/\/valasskemezirici.casd.cz\/wp-content\/uploads\/2024\/12\/474e39ac-ccc7-48e7-a3dc-b4d169d3dc91-1024x768.jpeg 1024w, https:\/\/valasskemezirici.casd.cz\/wp-content\/uploads\/2024\/12\/474e39ac-ccc7-48e7-a3dc-b4d169d3dc91-768x576.jpeg 768w, https:\/\/valasskemezirici.casd.cz\/wp-content\/uploads\/2024\/12\/474e39ac-ccc7-48e7-a3dc-b4d169d3dc91-1536x1152.jpeg 1536w\" sizes=\"auto, (max-width: 603px) 100vw, 603px\" \/><\/p>\n","protected":false},"excerpt":{"rendered":"<p>Pomalu ale jist\u011b se bl\u00ed\u017e\u00ed v\u00e1no\u010dn\u00ed sv\u00e1tky. Navzdory komer\u010dn\u00edmu tlaku supermarket\u016f by nem\u011blo j\u00edt o \u010das p\u0159ej\u00edd\u00e1n\u00ed a utr\u00e1cen\u00ed za nepot\u0159ebn\u00e9 d\u00e1rky. K\u0159es\u0165anskou podstatou v\u00e1noc by m\u011blo b\u00fdt rozd\u00e1v\u00e1n\u00ed radosti, l\u00e1sky, pomoci pot\u0159ebn\u00fdm. V&nbsp;tomto duchu se uskute\u010dn\u00ed v&nbsp;ned\u011bli 1.12.2024 v&nbsp;modlitebn\u011b C\u00edrkve apo\u0161tolsk\u00e9 po bohoslu\u017eb\u011b v\u00e1no\u010dn\u00ed jarmark, kde budou prod\u00e1v\u00e1ny rukod\u011bln\u00e9 v\u00fdrobky \u010dlen\u016f tohoto spole\u010denstv\u00ed a [&hellip;]<\/p>\n","protected":false},"author":1,"featured_media":0,"comment_status":"closed","ping_status":"open","sticky":false,"template":"","format":"standard","meta":{"ngg_post_thumbnail":0,"footnotes":""},"categories":[1],"tags":[],"class_list":["post-8868","post","type-post","status-publish","format-standard","hentry","category-nezarazene"],"_links":{"self":[{"href":"https:\/\/valasskemezirici.casd.cz\/index.php?rest_route=\/wp\/v2\/posts\/8868","targetHints":{"allow":["GET"]}}],"collection":[{"href":"https:\/\/valasskemezirici.casd.cz\/index.php?rest_route=\/wp\/v2\/posts"}],"about":[{"href":"https:\/\/valasskemezirici.casd.cz\/index.php?rest_route=\/wp\/v2\/types\/post"}],"author":[{"embeddable":true,"href":"https:\/\/valasskemezirici.casd.cz\/index.php?rest_route=\/wp\/v2\/users\/1"}],"replies":[{"embeddable":true,"href":"https:\/\/valasskemezirici.casd.cz\/index.php?rest_route=%2Fwp%2Fv2%2Fcomments&post=8868"}],"version-history":[{"count":1,"href":"https:\/\/valasskemezirici.casd.cz\/index.php?rest_route=\/wp\/v2\/posts\/8868\/revisions"}],"predecessor-version":[{"id":8870,"href":"https:\/\/valasskemezirici.casd.cz\/index.php?rest_route=\/wp\/v2\/posts\/8868\/revisions\/8870"}],"wp:attachment":[{"href":"https:\/\/valasskemezirici.casd.cz\/index.php?rest_route=%2Fwp%2Fv2%2Fmedia&parent=8868"}],"wp:term":[{"taxonomy":"category","embeddable":true,"href":"https:\/\/valasskemezirici.casd.cz\/index.php?rest_route=%2Fwp%2Fv2%2Fcategories&post=8868"},{"taxonomy":"post_tag","embeddable":true,"href":"https:\/\/valasskemezirici.casd.cz\/index.php?rest_route=%2Fwp%2Fv2%2Ftags&post=8868"}],"curies":[{"name":"wp","href":"https:\/\/api.w.org\/{rel}","templated":true}]}}