{"id":8887,"date":"2024-12-10T20:41:57","date_gmt":"2024-12-10T19:41:57","guid":{"rendered":"https:\/\/valasskemezirici.casd.cz\/?p=8887"},"modified":"2024-12-10T20:42:04","modified_gmt":"2024-12-10T19:42:04","slug":"sobota-7-prosince-2024","status":"publish","type":"post","link":"https:\/\/valasskemezirici.casd.cz\/?p=8887","title":{"rendered":"Sobota 7.prosince 2024"},"content":{"rendered":"<p style=\"text-align: justify;\">Sychrav\u00e9 po\u010das\u00ed p\u0159eje respira\u010dn\u00edm chorob\u00e1m, co\u017e se projevilo na dne\u0161n\u00edm po\u010dtu \u00fa\u010dastn\u00edk\u016f bohoslu\u017eby. P\u0159ejeme v\u0161em marod\u016f brzk\u00e9 uzdraven\u00ed.<\/p>\n<p style=\"text-align: justify;\">Ml\u00e1d\u00ed vp\u0159ed! V&nbsp;duchu tohoto hesla uv\u00e1d\u011bla dne\u0161n\u00ed sobotn\u00ed \u0161kolu Jind\u0159i\u0161ka Mro\u010dkov\u00e1. Je velmi d\u016fle\u017eit\u00e9 zapojit ml\u00e1de\u017e do chodu sboru. U\u010ditelem byl dnes vedouc\u00ed sboru Pavel Pimek. V&nbsp;\u00fakolu s&nbsp;n\u00e1zvem \u201eCesta, pravda i \u017eivot\u201c jsme se zab\u00fdvali 13. a 14.kapitolou Janova evangelia. Nejprve jsme rozeb\u00edrali p\u0159\u00edb\u011bh o um\u00fdv\u00e1n\u00ed nohou Je\u017e\u00ed\u0161em, a potom jeho prohl\u00e1\u0161en\u00ed: \u201eJ\u00e1 jsem ta cesta, pravda i \u017eivot.\u201c<\/p>\n<p style=\"text-align: justify;\">Bylo zvykem, \u017ee sluha nebo otrok myl nohy t\u011bm, kte\u0159\u00ed p\u0159ich\u00e1zeli do domu na j\u00eddlo. K p\u0159ekvapen\u00ed v\u0161ech s\u00e1m Je\u017e\u00ed\u0161 umyl nohy u\u010dedn\u00edk\u016fm. Milovan\u00fd Mistr vykonal \u00fa\u017easn\u00fd \u010din pokory. Tak\u00e9 my bychom m\u011bli b\u00fdt ve sv\u00e9 slu\u017eb\u011b pokorn\u00ed.<\/p>\n<p style=\"text-align: justify;\">Je\u017e\u00ed\u0161 odch\u00e1z\u00ed do domu sv\u00e9ho Otce, aby n\u00e1m p\u0159ipravil m\u00edsto. Je\u017e\u00ed\u0161 d\u00e1le \u0159\u00edk\u00e1: <em>\u201eA odejdu-li [\u2026], op\u011bt p\u0159ijdu a vezmu v\u00e1s k sob\u011b, abyste i vy byli, kde jsem j\u00e1\u201c<\/em>. Nad\u011bje na n\u00e1vrat na\u0161eho P\u00e1na je zalo\u017eena na d\u016fv\u011b\u0159e v&nbsp;mu\u017ee, kter\u00fd toto zasl\u00edben\u00ed dal. Nev\u00edme-li, kam n\u011bkdo jde, nem\u016f\u017eeme tuto osobu n\u00e1sledovat. Je\u017e\u00ed\u0161 odpov\u00edd\u00e1, \u017ee cestou k Otci je on s\u00e1m. On je sv\u011btlo, kter\u00e9 osv\u011btluje cestu k Bohu.<\/p>\n<p style=\"text-align: justify;\">V Evangeliu se pravda opakovan\u011b spojuje s Je\u017e\u00ed\u0161em, s jeho Otcem a s Duchem svat\u00fdm. Naproti tomu protiklad pravdy \u2013 le\u017e \u2013 je spojen s \u010f\u00e1blem a h\u0159\u00edchem.<\/p>\n<p style=\"text-align: justify;\">N\u00e1zory a v\u00fdmysly lid\u00ed nejsou p\u0159\u00ednosem pro n\u00e1bo\u017eensk\u00fd \u017eivot. A\u0165 k lidem promlouv\u00e1 Bo\u017e\u00ed slovo. Bez Bible bychom t\u00e1pali ve tm\u011b. Nev\u011bd\u011bli bychom nic o&nbsp;existenci Boha, jeho roli ve vesm\u00edru, na\u0161em vlastn\u00edm p\u016fvodu, smyslu \u017eivota a budoucnosti.<\/p>\n<p style=\"text-align: justify;\">K\u00e1z\u00e1n\u00edm n\u00e1m dnes poslou\u017eil Jan Wagner ze sboru Kate\u0159inice. Heslem dne\u0161n\u00ed doby je ne\u017e\u00edt minulost\u00ed ani budoucnost\u00ed, ale u\u017e\u00edvat si sou\u010dasn\u00fd okam\u017eik. Jsme pr\u00e1v\u011b te\u010f a tady \u0161\u0165astn\u00ed? Nebo \u010dek\u00e1me na pocit \u0161t\u011bst\u00ed A\u017d budeme m\u00edt v\u00edc pen\u011bz, A\u017d budeme star\u0161\u00ed, A\u017d d\u011bti odrostou\u2026 A jak se k&nbsp;tomu postav\u00edme my, adventist\u00e9, kte\u0159\u00ed m\u00e1me \u201eo\u010dek\u00e1v\u00e1n\u00ed\u201c p\u0159\u00edmo v&nbsp;n\u00e1zvu? Nad t\u00edm v\u0161\u00edm se m\u016f\u017eete zamyslet p\u0159i poslechu audioz\u00e1znamu kaz\u00e1n\u00ed.<\/p>\n<p style=\"text-align: justify;\"><img loading=\"lazy\" decoding=\"async\" class=\"alignnone wp-image-8888\" src=\"https:\/\/valasskemezirici.casd.cz\/wp-content\/uploads\/2024\/12\/665726d2-0dfd-42a4-8f35-ce40a27aef94.jpeg\" alt=\"\" width=\"635\" height=\"476\" srcset=\"https:\/\/valasskemezirici.casd.cz\/wp-content\/uploads\/2024\/12\/665726d2-0dfd-42a4-8f35-ce40a27aef94.jpeg 2048w, https:\/\/valasskemezirici.casd.cz\/wp-content\/uploads\/2024\/12\/665726d2-0dfd-42a4-8f35-ce40a27aef94-300x225.jpeg 300w, https:\/\/valasskemezirici.casd.cz\/wp-content\/uploads\/2024\/12\/665726d2-0dfd-42a4-8f35-ce40a27aef94-1024x768.jpeg 1024w, https:\/\/valasskemezirici.casd.cz\/wp-content\/uploads\/2024\/12\/665726d2-0dfd-42a4-8f35-ce40a27aef94-768x576.jpeg 768w, https:\/\/valasskemezirici.casd.cz\/wp-content\/uploads\/2024\/12\/665726d2-0dfd-42a4-8f35-ce40a27aef94-1536x1152.jpeg 1536w\" sizes=\"auto, (max-width: 635px) 100vw, 635px\" \/><\/p>\n<p style=\"text-align: justify;\">&nbsp;<\/p>\n","protected":false},"excerpt":{"rendered":"<p>Sychrav\u00e9 po\u010das\u00ed p\u0159eje respira\u010dn\u00edm chorob\u00e1m, co\u017e se projevilo na dne\u0161n\u00edm po\u010dtu \u00fa\u010dastn\u00edk\u016f bohoslu\u017eby. P\u0159ejeme v\u0161em marod\u016f brzk\u00e9 uzdraven\u00ed. Ml\u00e1d\u00ed vp\u0159ed! V&nbsp;duchu tohoto hesla uv\u00e1d\u011bla dne\u0161n\u00ed sobotn\u00ed \u0161kolu Jind\u0159i\u0161ka Mro\u010dkov\u00e1. Je velmi d\u016fle\u017eit\u00e9 zapojit ml\u00e1de\u017e do chodu sboru. U\u010ditelem byl dnes vedouc\u00ed sboru Pavel Pimek. V&nbsp;\u00fakolu s&nbsp;n\u00e1zvem \u201eCesta, pravda i \u017eivot\u201c jsme se zab\u00fdvali 13. a [&hellip;]<\/p>\n","protected":false},"author":1,"featured_media":0,"comment_status":"closed","ping_status":"open","sticky":false,"template":"","format":"standard","meta":{"ngg_post_thumbnail":0,"footnotes":""},"categories":[1],"tags":[],"class_list":["post-8887","post","type-post","status-publish","format-standard","hentry","category-nezarazene"],"_links":{"self":[{"href":"https:\/\/valasskemezirici.casd.cz\/index.php?rest_route=\/wp\/v2\/posts\/8887","targetHints":{"allow":["GET"]}}],"collection":[{"href":"https:\/\/valasskemezirici.casd.cz\/index.php?rest_route=\/wp\/v2\/posts"}],"about":[{"href":"https:\/\/valasskemezirici.casd.cz\/index.php?rest_route=\/wp\/v2\/types\/post"}],"author":[{"embeddable":true,"href":"https:\/\/valasskemezirici.casd.cz\/index.php?rest_route=\/wp\/v2\/users\/1"}],"replies":[{"embeddable":true,"href":"https:\/\/valasskemezirici.casd.cz\/index.php?rest_route=%2Fwp%2Fv2%2Fcomments&post=8887"}],"version-history":[{"count":1,"href":"https:\/\/valasskemezirici.casd.cz\/index.php?rest_route=\/wp\/v2\/posts\/8887\/revisions"}],"predecessor-version":[{"id":8889,"href":"https:\/\/valasskemezirici.casd.cz\/index.php?rest_route=\/wp\/v2\/posts\/8887\/revisions\/8889"}],"wp:attachment":[{"href":"https:\/\/valasskemezirici.casd.cz\/index.php?rest_route=%2Fwp%2Fv2%2Fmedia&parent=8887"}],"wp:term":[{"taxonomy":"category","embeddable":true,"href":"https:\/\/valasskemezirici.casd.cz\/index.php?rest_route=%2Fwp%2Fv2%2Fcategories&post=8887"},{"taxonomy":"post_tag","embeddable":true,"href":"https:\/\/valasskemezirici.casd.cz\/index.php?rest_route=%2Fwp%2Fv2%2Ftags&post=8887"}],"curies":[{"name":"wp","href":"https:\/\/api.w.org\/{rel}","templated":true}]}}