{"id":8897,"date":"2024-12-16T08:51:25","date_gmt":"2024-12-16T07:51:25","guid":{"rendered":"https:\/\/valasskemezirici.casd.cz\/?p=8897"},"modified":"2024-12-16T08:51:30","modified_gmt":"2024-12-16T07:51:30","slug":"sobota-14-prosince-2024","status":"publish","type":"post","link":"https:\/\/valasskemezirici.casd.cz\/?p=8897","title":{"rendered":"Sobota 14.prosince 2024"},"content":{"rendered":"<p style=\"text-align: justify;\">Obdob\u00ed adventu je v&nbsp;pln\u00e9m proudu. Sv\u011bd\u010d\u00ed o tom i v\u00e1no\u010dn\u00ed strome\u010dek v\u010detn\u011b d\u00e1rk\u016f v&nbsp;na\u0161\u00ed modlitebn\u011b, kter\u00fd je zde p\u0159ipraven na z\u00edt\u0159ej\u0161\u00ed v\u00e1no\u010dn\u00ed bohoslu\u017ebu chulig\u00e1n\u016f pod veden\u00edm Marka Mefo H\u016f\u0161t\u011b. Mnoz\u00ed z&nbsp;nich \u0159adu let nepro\u017eili sv\u00e1te\u010dn\u00ed chv\u00edle s&nbsp;rodinou. Na shrom\u00e1\u017ed\u011bn\u00edch v&nbsp;na\u0161em sboru na\u0161li rodinu novou, a p\u0159ipomenou si narozen\u00ed na\u0161eho Spasitele a Kr\u00e1le pospolu. D\u00e1re\u010dky od \u201eslu\u017eebn\u011b\u201c star\u0161\u00edch br\u00e1\u0161k\u016f a sester z&nbsp;na\u0161eho sboru p\u0159ipravovan\u00e9 s&nbsp;l\u00e1skou je jist\u011b pot\u011b\u0161\u00ed a ubezpe\u010d\u00ed o tom, \u017ee i p\u0159es moment\u00e1ln\u00ed nedobrou \u017eivotn\u00ed situaci maj\u00ed pro Boha i pro n\u00e1s cenu.<\/p>\n<p style=\"text-align: justify;\">Sobotn\u00ed \u0161kolou s&nbsp;n\u00e1zvem \u201eOtec, Syn a Duch svat\u00fd\u201c n\u00e1s provedla sestra Iva Ch\u00e1rov\u00e1. Zam\u00fd\u0161leli jsme se nad t\u00edm, zda ch\u00e1peme Trojjedinost na\u0161eho Boha, zda m\u00e1 Duch svat\u00fd stejnou d\u016fle\u017eitost jako Otec a Syn. Pro\u010d musel Duch svat\u00fd p\u0159ij\u00edt na zemi, jak\u00e9 je jeho \u00falohy a jak se v&nbsp;na\u0161em \u017eivot\u011b projevuje, to v\u0161e bylo n\u00e1m\u011btem na\u0161ich diskuz\u00ed.<\/p>\n<p style=\"text-align: justify;\">K\u00e1z\u00e1n\u00edm z&nbsp;Bo\u017e\u00edho slova n\u00e1m poslou\u017eil bratr Ji\u0159\u00ed Kloda ze sboru Vset\u00edn. Zamy\u0161len\u00ed se t\u00fdkalo farize\u016f a jejich postaven\u00ed a \u00falohy v&nbsp;d\u011bjin\u00e1ch Izraele. Bratr m\u00e1 obrovsk\u00fd vhled do historick\u00fdch souvislost\u00ed, tak\u017ee jeho k\u00e1z\u00e1n\u00ed jsou v\u017edy pou\u010dn\u00e1 a nesm\u00edrn\u011b zaj\u00edmav\u00e1. Poslechnout si ho m\u016f\u017eete na na\u0161ich str\u00e1nk\u00e1ch.<\/p>\n<p><img loading=\"lazy\" decoding=\"async\" class=\"alignnone wp-image-8898\" src=\"https:\/\/valasskemezirici.casd.cz\/wp-content\/uploads\/2024\/12\/2526b03f-865f-43b7-8beb-1e839b4d5c40.jpeg\" alt=\"\" width=\"592\" height=\"789\" srcset=\"https:\/\/valasskemezirici.casd.cz\/wp-content\/uploads\/2024\/12\/2526b03f-865f-43b7-8beb-1e839b4d5c40.jpeg 1530w, https:\/\/valasskemezirici.casd.cz\/wp-content\/uploads\/2024\/12\/2526b03f-865f-43b7-8beb-1e839b4d5c40-225x300.jpeg 225w, https:\/\/valasskemezirici.casd.cz\/wp-content\/uploads\/2024\/12\/2526b03f-865f-43b7-8beb-1e839b4d5c40-768x1024.jpeg 768w, https:\/\/valasskemezirici.casd.cz\/wp-content\/uploads\/2024\/12\/2526b03f-865f-43b7-8beb-1e839b4d5c40-1152x1536.jpeg 1152w\" sizes=\"auto, (max-width: 592px) 100vw, 592px\" \/><\/p>\n","protected":false},"excerpt":{"rendered":"<p>Obdob\u00ed adventu je v&nbsp;pln\u00e9m proudu. Sv\u011bd\u010d\u00ed o tom i v\u00e1no\u010dn\u00ed strome\u010dek v\u010detn\u011b d\u00e1rk\u016f v&nbsp;na\u0161\u00ed modlitebn\u011b, kter\u00fd je zde p\u0159ipraven na z\u00edt\u0159ej\u0161\u00ed v\u00e1no\u010dn\u00ed bohoslu\u017ebu chulig\u00e1n\u016f pod veden\u00edm Marka Mefo H\u016f\u0161t\u011b. Mnoz\u00ed z&nbsp;nich \u0159adu let nepro\u017eili sv\u00e1te\u010dn\u00ed chv\u00edle s&nbsp;rodinou. Na shrom\u00e1\u017ed\u011bn\u00edch v&nbsp;na\u0161em sboru na\u0161li rodinu novou, a p\u0159ipomenou si narozen\u00ed na\u0161eho Spasitele a Kr\u00e1le pospolu. D\u00e1re\u010dky od [&hellip;]<\/p>\n","protected":false},"author":1,"featured_media":0,"comment_status":"closed","ping_status":"open","sticky":false,"template":"","format":"standard","meta":{"ngg_post_thumbnail":0,"footnotes":""},"categories":[1],"tags":[],"class_list":["post-8897","post","type-post","status-publish","format-standard","hentry","category-nezarazene"],"_links":{"self":[{"href":"https:\/\/valasskemezirici.casd.cz\/index.php?rest_route=\/wp\/v2\/posts\/8897","targetHints":{"allow":["GET"]}}],"collection":[{"href":"https:\/\/valasskemezirici.casd.cz\/index.php?rest_route=\/wp\/v2\/posts"}],"about":[{"href":"https:\/\/valasskemezirici.casd.cz\/index.php?rest_route=\/wp\/v2\/types\/post"}],"author":[{"embeddable":true,"href":"https:\/\/valasskemezirici.casd.cz\/index.php?rest_route=\/wp\/v2\/users\/1"}],"replies":[{"embeddable":true,"href":"https:\/\/valasskemezirici.casd.cz\/index.php?rest_route=%2Fwp%2Fv2%2Fcomments&post=8897"}],"version-history":[{"count":1,"href":"https:\/\/valasskemezirici.casd.cz\/index.php?rest_route=\/wp\/v2\/posts\/8897\/revisions"}],"predecessor-version":[{"id":8899,"href":"https:\/\/valasskemezirici.casd.cz\/index.php?rest_route=\/wp\/v2\/posts\/8897\/revisions\/8899"}],"wp:attachment":[{"href":"https:\/\/valasskemezirici.casd.cz\/index.php?rest_route=%2Fwp%2Fv2%2Fmedia&parent=8897"}],"wp:term":[{"taxonomy":"category","embeddable":true,"href":"https:\/\/valasskemezirici.casd.cz\/index.php?rest_route=%2Fwp%2Fv2%2Fcategories&post=8897"},{"taxonomy":"post_tag","embeddable":true,"href":"https:\/\/valasskemezirici.casd.cz\/index.php?rest_route=%2Fwp%2Fv2%2Ftags&post=8897"}],"curies":[{"name":"wp","href":"https:\/\/api.w.org\/{rel}","templated":true}]}}