{"id":8903,"date":"2024-12-17T17:06:45","date_gmt":"2024-12-17T16:06:45","guid":{"rendered":"https:\/\/valasskemezirici.casd.cz\/?p=8903"},"modified":"2024-12-17T17:06:48","modified_gmt":"2024-12-17T16:06:48","slug":"pamatka-vecere-pane-3","status":"publish","type":"post","link":"https:\/\/valasskemezirici.casd.cz\/?p=8903","title":{"rendered":"Pam\u00e1tka Ve\u010de\u0159e P\u00e1n\u011b"},"content":{"rendered":"<h3>V sobotu 21.prosince 2024 pro\u017eijeme spole\u010dn\u011b slavnostn\u00ed bohoslu\u017ebu Ve\u010de\u0159e P\u00e1n\u011b.<\/h3>\n<h3><strong>Srde\u010dn\u011b zveme k \u00fa\u010dasti<\/strong>&nbsp;\u2013 P\u00e1n Je\u017e\u00ed\u0161 n\u00e1s vyzval k \u00fa\u010dasti na \u201eVe\u010de\u0159i P\u00e1n\u011b\u201c a dal pokyn, jak m\u00e1me chv\u00edle spojen\u00e9 s \u201epam\u00e1tkou\u201c na \u201eVe\u010de\u0159i P\u00e1n\u011b\u201c pro\u017e\u00edvat.<\/h3>\n<h3><strong>V\u011b\u0159\u00edme, \u017ee d\u00edky smrti Je\u017e\u00ed\u0161e Krista je odpu\u0161t\u011bn\u00ed dostupn\u00e9 ka\u017ed\u00e9mu.<\/strong><\/h3>\n<p><img loading=\"lazy\" decoding=\"async\" class=\"\" src=\"https:\/\/brno-stredni.casd.cz\/wp-content\/uploads\/2019\/09\/9_IMG_5733.jpeg\" alt=\"Pam\u00e1tka Ve\u010de\u0159e P\u00e1n\u011b \u2013 CASD Brno-St\u0159edn\u00ed\" width=\"629\" height=\"419\"><\/p>\n","protected":false},"excerpt":{"rendered":"<p>V sobotu 21.prosince 2024 pro\u017eijeme spole\u010dn\u011b slavnostn\u00ed bohoslu\u017ebu Ve\u010de\u0159e P\u00e1n\u011b. Srde\u010dn\u011b zveme k \u00fa\u010dasti&nbsp;\u2013 P\u00e1n Je\u017e\u00ed\u0161 n\u00e1s vyzval k \u00fa\u010dasti na \u201eVe\u010de\u0159i P\u00e1n\u011b\u201c a dal pokyn, jak m\u00e1me chv\u00edle spojen\u00e9 s \u201epam\u00e1tkou\u201c na \u201eVe\u010de\u0159i P\u00e1n\u011b\u201c pro\u017e\u00edvat. V\u011b\u0159\u00edme, \u017ee d\u00edky smrti Je\u017e\u00ed\u0161e Krista je odpu\u0161t\u011bn\u00ed dostupn\u00e9 ka\u017ed\u00e9mu.<\/p>\n","protected":false},"author":1,"featured_media":0,"comment_status":"closed","ping_status":"open","sticky":false,"template":"","format":"standard","meta":{"ngg_post_thumbnail":0,"footnotes":""},"categories":[1],"tags":[],"class_list":["post-8903","post","type-post","status-publish","format-standard","hentry","category-nezarazene"],"_links":{"self":[{"href":"https:\/\/valasskemezirici.casd.cz\/index.php?rest_route=\/wp\/v2\/posts\/8903","targetHints":{"allow":["GET"]}}],"collection":[{"href":"https:\/\/valasskemezirici.casd.cz\/index.php?rest_route=\/wp\/v2\/posts"}],"about":[{"href":"https:\/\/valasskemezirici.casd.cz\/index.php?rest_route=\/wp\/v2\/types\/post"}],"author":[{"embeddable":true,"href":"https:\/\/valasskemezirici.casd.cz\/index.php?rest_route=\/wp\/v2\/users\/1"}],"replies":[{"embeddable":true,"href":"https:\/\/valasskemezirici.casd.cz\/index.php?rest_route=%2Fwp%2Fv2%2Fcomments&post=8903"}],"version-history":[{"count":1,"href":"https:\/\/valasskemezirici.casd.cz\/index.php?rest_route=\/wp\/v2\/posts\/8903\/revisions"}],"predecessor-version":[{"id":8904,"href":"https:\/\/valasskemezirici.casd.cz\/index.php?rest_route=\/wp\/v2\/posts\/8903\/revisions\/8904"}],"wp:attachment":[{"href":"https:\/\/valasskemezirici.casd.cz\/index.php?rest_route=%2Fwp%2Fv2%2Fmedia&parent=8903"}],"wp:term":[{"taxonomy":"category","embeddable":true,"href":"https:\/\/valasskemezirici.casd.cz\/index.php?rest_route=%2Fwp%2Fv2%2Fcategories&post=8903"},{"taxonomy":"post_tag","embeddable":true,"href":"https:\/\/valasskemezirici.casd.cz\/index.php?rest_route=%2Fwp%2Fv2%2Ftags&post=8903"}],"curies":[{"name":"wp","href":"https:\/\/api.w.org\/{rel}","templated":true}]}}