{"id":8906,"date":"2024-12-28T17:06:22","date_gmt":"2024-12-28T16:06:22","guid":{"rendered":"https:\/\/valasskemezirici.casd.cz\/?p=8906"},"modified":"2024-12-28T17:06:28","modified_gmt":"2024-12-28T16:06:28","slug":"sobota-21-prosince-2024","status":"publish","type":"post","link":"https:\/\/valasskemezirici.casd.cz\/?p=8906","title":{"rendered":"Sobota 21.prosince 2024"},"content":{"rendered":"<p>Konec roku se bl\u00ed\u017e\u00ed a nastal \u010das pro slaven\u00ed Pam\u00e1tky ve\u010de\u0159e P\u00e1n\u011b. Tak\u017ee dne\u0161n\u00ed sobota m\u011bla slavnostn\u00ed r\u00e1z. T\u011b\u0161ili jsme se na nev\u0161edn\u00ed bohoslu\u017ebu, p\u0159i kter\u00e9 si p\u0159ipom\u00edn\u00e1me Je\u017e\u00ed\u0161ovu ob\u011b\u0165 za n\u00e1s, kdy intenzivn\u011bji prost\u0159ednictv\u00edm spole\u010denstv\u00ed a symbol\u016f (um\u00fdv\u00e1n\u00ed nohou, chl\u00e9b a kalich) m\u016f\u017eeme p\u0159ijmout a pro\u017e\u00edt jistotu Jeho odpu\u0161t\u011bn\u00ed.&nbsp;<\/p>\n<p>\u00dakolem sobotn\u00ed \u0161koly n\u00e1s provedla Kv\u011bta Ty\u0161erov\u00e1. \u201eHodina sl\u00e1vy: K\u0159\u00ed\u017e a vzk\u0159\u00ed\u0161en\u00ed\u201c byl jej\u00ed n\u00e1zev. Je\u017e\u00ed\u0161ovo uk\u0159i\u017eov\u00e1n\u00ed a vzk\u0159\u00ed\u0161en\u00ed jsou vrcholem Janova evangelia. Prvn\u00ed polovina knihy popisuje zhruba t\u0159i a p\u016fl roku Je\u017e\u00ed\u0161ovy slu\u017eby (J 1\u201310), zat\u00edmco kapitoly J 11\u201320 jen necel\u00e9 dva t\u00fddny. Jan v\u0161ak p\u0159edstavuje k\u0159\u00ed\u017e jako Je\u017e\u00ed\u0161ovo uveden\u00ed na tr\u016fn. Jeho intronizace je propojena s my\u0161lenkou \u201ehodiny\u201c, o kter\u00e9 se v knize opakovan\u011b hovo\u0159\u00ed (J 7,30; 8,20; 12,27). Tento zp\u016fsob intronizace je tak trochu ironick\u00fd, proto\u017ee uk\u0159i\u017eov\u00e1n\u00ed bylo nejostudn\u011bj\u0161\u00edm a nejpotupn\u011bj\u0161\u00edm zp\u016fsobem smrti pou\u017e\u00edvan\u00fdm ve starov\u011bk\u00e9m \u0158\u00edm\u011b. Jan \u010dten\u00e1\u0159i p\u0159edkl\u00e1d\u00e1 z\u00e1sadn\u00ed kontrast: Je\u017e\u00ed\u0161 um\u00edr\u00e1 potupen\u00fd a pon\u00ed\u017een\u00fd, ale z\u00e1rove\u0148 se tak uskute\u010d\u0148uje jeho slavn\u00e1 intronizace jako Spasitele. V t\u00e9to lekci jsme se dostali k vrcholu Janova evangelia \u2013 k jeho zpr\u00e1v\u011b o Kristov\u011b ob\u011bti na k\u0159\u00ed\u017ei, kterou chce p\u0159edstavit jako Kristovo v\u00edt\u011bzstv\u00ed, vyv\u00fd\u0161en\u00ed a vrcholn\u00e9 oslaven\u00ed.<\/p>\n<p><!--more--><\/p>\n<p>Pravda, v\u011b\u010dn\u00e9 Slovo a Sv\u011btlo, to v\u0161e je v kontrastu s temnotou a&nbsp;omylem.<\/p>\n<p>Pil\u00e1tova slabost, hlubok\u00e1 nen\u00e1vist v\u016fdc\u016f n\u00e1roda a davov\u00e1 psych\u00f3za rozhodly o Je\u017e\u00ed\u0161ov\u011b uk\u0159i\u017eov\u00e1n\u00ed. I dnes lid\u00e9 ob\u011btuj\u00ed z\u00e1sady, jen&nbsp;aby o nic nep\u0159i\u0161li. Bolestn\u00e9 a tragick\u00e9 ud\u00e1losti na k\u0159\u00ed\u017ei ve&nbsp;skute\u010dnosti v\u0161e napl\u0148ovaly a dokon\u00e1valy. \u201eKristus nepodlehl smrti, dokud nedokon\u010dil d\u00edlo, kter\u00e9 p\u0159i\u0161el vykonat.<\/p>\n<p>Poh\u0159eb byl v&nbsp;p\u00e1tek proveden narychlo a z\u016fstal nedokon\u010den. V ned\u011bli r\u00e1no na\u0161ly \u017eeny odvalen\u00fd k\u00e1men a pr\u00e1zdn\u00fd&nbsp;hrob. Kdy\u017e to Jan vid\u011bl, uv\u011b\u0159il, \u017ee Je\u017e\u00ed\u0161 vstal z mrtv\u00fdch. <em>Sv\u011bdectv\u00ed o pr\u00e1zdn\u00e9m hrob\u011b je velmi d\u016fle\u017eit\u00e9.<\/em><\/p>\n<p>Marie z\u016fstala u hrobu a plakala. Jedno slovo \u201eMarie!\u201c zm\u011bnilo jej\u00ed sv\u011bt. Poznala, \u017ee s n\u00ed mluv\u00ed vzk\u0159\u00ed\u0161en\u00fd Je\u017e\u00ed\u0161.&nbsp;<\/p>\n<p><img loading=\"lazy\" decoding=\"async\" class=\"wp-image-8907 alignleft\" src=\"https:\/\/valasskemezirici.casd.cz\/wp-content\/uploads\/2024\/12\/4674f373-2293-4dae-b68e-5aeaddd1d860.jpeg\" alt=\"\" width=\"391\" height=\"293\" srcset=\"https:\/\/valasskemezirici.casd.cz\/wp-content\/uploads\/2024\/12\/4674f373-2293-4dae-b68e-5aeaddd1d860.jpeg 2048w, https:\/\/valasskemezirici.casd.cz\/wp-content\/uploads\/2024\/12\/4674f373-2293-4dae-b68e-5aeaddd1d860-300x225.jpeg 300w, https:\/\/valasskemezirici.casd.cz\/wp-content\/uploads\/2024\/12\/4674f373-2293-4dae-b68e-5aeaddd1d860-1024x768.jpeg 1024w, https:\/\/valasskemezirici.casd.cz\/wp-content\/uploads\/2024\/12\/4674f373-2293-4dae-b68e-5aeaddd1d860-768x576.jpeg 768w, https:\/\/valasskemezirici.casd.cz\/wp-content\/uploads\/2024\/12\/4674f373-2293-4dae-b68e-5aeaddd1d860-1536x1152.jpeg 1536w\" sizes=\"auto, (max-width: 391px) 100vw, 391px\" \/><\/p>\n<p>K\u00e1z\u00e1n\u00edm z&nbsp;Bo\u017e\u00edho slova n\u00e1m poslou\u017eil kazatel Hynek Dona. Jeho zvukov\u00fd z\u00e1znam najdete na na\u0161em webu.<\/p>\n<p>&nbsp;\u201eJ\u00e1 jsem p\u0159ijal od P\u00e1na, co jsem v\u00e1m tak\u00e9 odevzdal: P\u00e1n Je\u017e\u00ed\u0161 v tu noc, kdy byl zrazen, vzal chl\u00e9b, vzdal d\u00edky, l\u00e1mal jej a \u0159ekl: \u201eToto jest m\u00e9 t\u011blo, kter\u00e9 se za v\u00e1s vyd\u00e1v\u00e1; to \u010di\u0148te na mou pam\u00e1tku.\u201e Stejn\u011b vzal po ve\u010de\u0159i i kalich a \u0159ekl: \u201eTento kalich je nov\u00e1 smlouva, zpe\u010det\u011bn\u00e1 mou krv\u00ed; to \u010di\u0148te, kdykoli budete p\u00edti, na mou pam\u00e1tku.\u201e Kdykoli tedy j\u00edte tento chl\u00e9b a pijete tento kalich, zv\u011bstujete smrt P\u00e1n\u011b, dokud On nep\u0159ijde. Kdo by tedy jedl tento chl\u00e9b a pil kalich P\u00e1n\u011b nehodn\u011b, provin\u00ed se proti t\u011blu a krvi P\u00e1n\u011b. Nech\u0165 ka\u017ed\u00fd s\u00e1m sebe zkoum\u00e1, ne\u017e tento chl\u00e9b j\u00ed a z tohoto kalicha pije.\u201e (1K 11,23-28)<\/p>\n<p>Po vzoru na\u0161eho P\u00e1na jsme si vz\u00e1jemn\u011b umyli nohy, vyznali jsme sv\u00e9 viny a vz\u00e1jemn\u011b si&nbsp; po\u017eehnali. P\u0159ijet\u00edm nekva\u0161en\u00e9ho chleba a v\u00edna jako symbolu Je\u017e\u00ed\u0161ova t\u011bla a krve jsme potvrdili, \u017ee chceme j\u00edt s&nbsp;na\u0161\u00edm P\u00e1nem, pod\u011bkovali za ob\u011b\u0165, d\u00edky kter\u00e9 byly smyty na\u0161e h\u0159\u00edchy, a m\u00e1me nad\u011bji na \u017eivot v\u011b\u010dn\u00fd ve st\u00ednu na\u0161eho Stvo\u0159itele. Za to pat\u0159\u00ed na\u0161emu P\u00e1nu chv\u00e1la a \u010dest.<\/p>\n<p>&nbsp;<\/p>\n","protected":false},"excerpt":{"rendered":"<p>Konec roku se bl\u00ed\u017e\u00ed a nastal \u010das pro slaven\u00ed Pam\u00e1tky ve\u010de\u0159e P\u00e1n\u011b. Tak\u017ee dne\u0161n\u00ed sobota m\u011bla slavnostn\u00ed r\u00e1z. T\u011b\u0161ili jsme se na nev\u0161edn\u00ed bohoslu\u017ebu, p\u0159i kter\u00e9 si p\u0159ipom\u00edn\u00e1me Je\u017e\u00ed\u0161ovu ob\u011b\u0165 za n\u00e1s, kdy intenzivn\u011bji prost\u0159ednictv\u00edm spole\u010denstv\u00ed a symbol\u016f (um\u00fdv\u00e1n\u00ed nohou, chl\u00e9b a kalich) m\u016f\u017eeme p\u0159ijmout a pro\u017e\u00edt jistotu Jeho odpu\u0161t\u011bn\u00ed.&nbsp; \u00dakolem sobotn\u00ed \u0161koly n\u00e1s provedla [&hellip;]<\/p>\n","protected":false},"author":1,"featured_media":0,"comment_status":"closed","ping_status":"open","sticky":false,"template":"","format":"standard","meta":{"ngg_post_thumbnail":0,"footnotes":""},"categories":[1],"tags":[],"class_list":["post-8906","post","type-post","status-publish","format-standard","hentry","category-nezarazene"],"_links":{"self":[{"href":"https:\/\/valasskemezirici.casd.cz\/index.php?rest_route=\/wp\/v2\/posts\/8906","targetHints":{"allow":["GET"]}}],"collection":[{"href":"https:\/\/valasskemezirici.casd.cz\/index.php?rest_route=\/wp\/v2\/posts"}],"about":[{"href":"https:\/\/valasskemezirici.casd.cz\/index.php?rest_route=\/wp\/v2\/types\/post"}],"author":[{"embeddable":true,"href":"https:\/\/valasskemezirici.casd.cz\/index.php?rest_route=\/wp\/v2\/users\/1"}],"replies":[{"embeddable":true,"href":"https:\/\/valasskemezirici.casd.cz\/index.php?rest_route=%2Fwp%2Fv2%2Fcomments&post=8906"}],"version-history":[{"count":1,"href":"https:\/\/valasskemezirici.casd.cz\/index.php?rest_route=\/wp\/v2\/posts\/8906\/revisions"}],"predecessor-version":[{"id":8908,"href":"https:\/\/valasskemezirici.casd.cz\/index.php?rest_route=\/wp\/v2\/posts\/8906\/revisions\/8908"}],"wp:attachment":[{"href":"https:\/\/valasskemezirici.casd.cz\/index.php?rest_route=%2Fwp%2Fv2%2Fmedia&parent=8906"}],"wp:term":[{"taxonomy":"category","embeddable":true,"href":"https:\/\/valasskemezirici.casd.cz\/index.php?rest_route=%2Fwp%2Fv2%2Fcategories&post=8906"},{"taxonomy":"post_tag","embeddable":true,"href":"https:\/\/valasskemezirici.casd.cz\/index.php?rest_route=%2Fwp%2Fv2%2Ftags&post=8906"}],"curies":[{"name":"wp","href":"https:\/\/api.w.org\/{rel}","templated":true}]}}