{"id":8909,"date":"2024-12-28T17:20:59","date_gmt":"2024-12-28T16:20:59","guid":{"rendered":"https:\/\/valasskemezirici.casd.cz\/?p=8909"},"modified":"2024-12-28T17:21:02","modified_gmt":"2024-12-28T16:21:02","slug":"sobota-28-prosince-2024","status":"publish","type":"post","link":"https:\/\/valasskemezirici.casd.cz\/?p=8909","title":{"rendered":"Sobota 28.prosince 2024"},"content":{"rendered":"<p style=\"text-align: justify;\">V\u00e1no\u010dn\u00ed sv\u00e1tky, kdy si p\u0159ipom\u00edn\u00e1me narozen\u00ed na\u0161eho P\u00e1na a Spasitele, jsou za n\u00e1mi. P\u00edsmo n\u00e1m sice nesd\u011bluje, kdy p\u0159esn\u011b k&nbsp;t\u00e9to ud\u00e1losti do\u0161lo, ale tradice postavila tento okam\u017eik do posledn\u00edho m\u011bs\u00edce roku. Datum nen\u00ed a\u017e tak d\u016fle\u017eit\u00e9. Podstatn\u00fd je ten fakt, \u017ee n\u00e1\u0161 dobrotiv\u00fd B\u016fh ji\u017e p\u0159i stvo\u0159en\u00ed vytvo\u0159il pl\u00e1n na na\u0161e spasen\u00ed a vytr\u017een\u00ed z&nbsp;h\u0159\u00edchu. Rozhodl se ob\u011btovat to nejcenn\u011bj\u0161\u00ed, co m\u011bl, tedy sv\u00e9ho Syna. A slu\u0161\u00ed se m\u00edt to na pam\u011bti, a p\u0159ipomenout si to.<\/p>\n<p style=\"text-align: justify;\">Posledn\u00ed \u00fakol sobotn\u00ed \u0161koly s&nbsp;n\u00e1zvem \u201eEpilog: Pozn\u00e1n\u00ed Je\u017e\u00ed\u0161e a jeho slova\u201c s&nbsp;n\u00e1mi probrala Ani\u010dka Petrovi\u010dov\u00e1.<\/p>\n<p style=\"text-align: justify;\">Evangelium podle Jana, podobn\u011b jako to Markovo, kon\u010d\u00ed setk\u00e1n\u00edm v Galileji. V na\u0161\u00ed posledn\u00ed lekci se budeme v\u011bnovat pr\u00e1v\u011b tomuto setk\u00e1n\u00ed, kter\u00e9 je v\u0161ak propojeno s ot\u00e1zkou, , jak m\u016f\u017eeme zn\u00e1t Je\u017e\u00ed\u0161e a Bo\u017e\u00ed slovo. Tento koncept je p\u0159\u00edtomen v cel\u00e9m \u010dtvrt\u00e9m evangeliu. U\u010dedn\u00edci str\u00e1vili s Je\u017e\u00ed\u0161em v\u00edce ne\u017e t\u0159i roky. P\u0159esto nebyli v\u016fbec p\u0159ipraveni na ud\u00e1losti spojen\u00e9 s uk\u0159i\u017eov\u00e1n\u00edm a vzk\u0159\u00ed\u0161en\u00edm. A to i navzdory tomu, \u017ee jim Je\u017e\u00ed\u0161 opakovan\u011b \u0159\u00edkal, co v\u0161echno se m\u00e1 st\u00e1t. Nane\u0161t\u011bst\u00ed jeho slova nebrali v\u00e1\u017en\u011b. I my dnes m\u016f\u017eeme b\u00fdt v nebezpe\u010d\u00ed, \u017ee budeme d\u011blat tot\u00e9\u017e: sly\u0161et, nebo dokonce \u010d\u00edst Bo\u017e\u00ed slovo, ale neposlouchat ho, nesetrv\u00e1vat v n\u011bm a ne\u017e\u00edt podle n\u011bho. Tedy nep\u0159ij\u00edmat jej jako sv\u011btlo, kter\u00e9 by m\u011blo v\u00e9st na\u0161e my\u0161lenky a \u010diny. Nane\u0161t\u011bst\u00ed pr\u00e1v\u011b v takov\u00e9m stavu se mo\u017en\u00e1 nev\u011bdomky nach\u00e1z\u00ed a\u017e p\u0159\u00edli\u0161 mnoho k\u0159es\u0165an\u016f.<\/p>\n<p><!--more--><\/p>\n<p>&nbsp;<\/p>\n<p style=\"text-align: justify;\"><img loading=\"lazy\" decoding=\"async\" class=\"wp-image-8910 alignleft\" src=\"https:\/\/valasskemezirici.casd.cz\/wp-content\/uploads\/2024\/12\/c4bcc7b4-5c19-4660-aba0-322785c78988.jpeg\" alt=\"\" width=\"372\" height=\"496\" srcset=\"https:\/\/valasskemezirici.casd.cz\/wp-content\/uploads\/2024\/12\/c4bcc7b4-5c19-4660-aba0-322785c78988.jpeg 1536w, https:\/\/valasskemezirici.casd.cz\/wp-content\/uploads\/2024\/12\/c4bcc7b4-5c19-4660-aba0-322785c78988-225x300.jpeg 225w, https:\/\/valasskemezirici.casd.cz\/wp-content\/uploads\/2024\/12\/c4bcc7b4-5c19-4660-aba0-322785c78988-768x1024.jpeg 768w, https:\/\/valasskemezirici.casd.cz\/wp-content\/uploads\/2024\/12\/c4bcc7b4-5c19-4660-aba0-322785c78988-1152x1536.jpeg 1152w\" sizes=\"auto, (max-width: 372px) 100vw, 372px\" \/>K\u00e1z\u00e1n\u00edm n\u00e1m poslou\u017eil bratr Hynek Dona. Zab\u00fdval se pr\u00e1v\u011b prob\u011bhnuv\u0161\u00edmi sv\u00e1tky.<\/p>\n<p style=\"text-align: justify;\">V\u00e1noce kon\u010d\u00ed, odstroj\u00edme strome\u010dek. Kostely, v&nbsp;dob\u011b sv\u00e1tk\u016f pln\u00e9, op\u011bt osi\u0159\u00ed. A co Je\u017e\u00ed\u0161? Tak\u00e9 ho odlo\u017e\u00edme? B\u011bhem sv\u00e1tk\u016f jsme byli ochotni poslouchat o Je\u017e\u00ed\u0161i, jeho narozen\u00ed, ale po sv\u00e1tc\u00edch u\u017e lidi P\u00e1n Je\u017e\u00ed\u0161 nezaj\u00edm\u00e1.<\/p>\n<p style=\"text-align: justify;\">1.zastaven\u00ed \u2013 Luk 2kap \u2013 na\u0159\u00edzen\u00ed o proveden\u00ed soupisu lidu. S\u010d\u00edtalo se v&nbsp;rodn\u00e9 vesnici, m\u011bste\u010dku. Josef \u0161el z&nbsp;Nazareta do Betl\u00e9ma. Luk2,5. \u2013 s&nbsp;Mari\u00ed. Zde se narodil Je\u017e\u00ed\u0161. Od stvo\u0159en\u00ed je o\u010dek\u00e1v\u00e1n Mesi\u00e1\u0161, tato zv\u011bst se t\u00e1hne cel\u00fdmi d\u011bjinami, ale nakonec se pro d\u00edt\u011b nenajde m\u00edsto p\u0159i narozen\u00ed. To je varov\u00e1n\u00ed pro n\u00e1s \u2013 o\u010dek\u00e1v\u00e1me druh\u00fd p\u0159\u00edchod Je\u017e\u00ed\u0161e, ale bude pro n\u011bho m\u00edsto v&nbsp;na\u0161em srdci, v&nbsp;na\u0161ich domovech?<\/p>\n<p style=\"text-align: justify;\">2.zastaven\u00ed \u2013 Luk 2kap.- and\u011bl\u00e9 jdou zv\u011bstovat narozen\u00ed Mesi\u00e1\u0161e. Jdou za past\u00fd\u0159i, tedy za t\u011bmi, k\u00fdm je opovrhov\u00e1no. Ne\u0161li za farizei, za z\u00e1kon\u00edky, za mocn\u00fdmi. Past\u00fd\u0159i sp\u011bchali do Betl\u00e9ma a byli prvn\u00edmi, kdo Ho vid\u011bli. Ve spole\u010dnosti byli posledn\u00edmi, ale Mesi\u00e1\u0161e vid\u011bli jako prvn\u00ed. Nechme se i my oslovit P\u00e1nem Bohem, abychom se setkali s&nbsp;Mesi\u00e1\u0161em. And\u011bl\u00e9 \u0159ekli, \u017ee toto poselstv\u00ed bude pro v\u0161echny n\u00e1rody.<\/p>\n<p style=\"text-align: justify;\">3.zastaven\u00ed \u2013 Mat 2kap. \u2013 bylo to za kr\u00e1le Heroda, p\u0159ich\u00e1z\u00ed mudrci z&nbsp;v\u00fdchodu. \u0160li za hv\u011bzdou z&nbsp;Babyl\u00f3na. Ona jim zmizela. Ptali se kr\u00e1le, kde se narodil Mesi\u00e1\u0161. Oni, ne\u017eid\u00e9, pohan\u00e9 z&nbsp;v\u00fdchodu, uv\u011b\u0159ili proroctv\u00ed, uv\u011b\u0159ili v&nbsp;narozen\u00ed Mesi\u00e1\u0161e. Herodes se znepokojil a s&nbsp;n\u00edm cel\u00fd Jeruzal\u00e9m. On, v\u016fdce bo\u017e\u00edho lidu, je znepokojen. Cht\u011bli si jet ve sv\u00fdch kolej\u00edch. Nejsme i my znepokojeni druh\u00fdm p\u0159\u00edchodem Je\u017e\u00ed\u0161e? Jsme p\u0159ipraveni, t\u011b\u0161\u00edme se, m\u00e1me spr\u00e1vn\u00fd vztah s&nbsp;P\u00e1nem Bohem?<\/p>\n<p style=\"text-align: justify;\">4.zastaven\u00ed \u2013 Luk 2,21. &#8211; setk\u00e1n\u00ed Simeona a Anny s&nbsp;Je\u017e\u00ed\u0161em. Simeon u\u017e byl star\u00fd. Je\u017e\u00ed\u0161 byl 8.dne ob\u0159ez\u00e1n, a a\u017e Marie po o\u010di\u0161t\u011bn\u00ed mohla, \u0161li do chr\u00e1mu. Ver\u0161 25 \u2013 Simeon spravedliv\u00fd, zbo\u017en\u00fd \u010dlov\u011bk, o\u010dek\u00e1val spln\u011bn\u00ed nad\u011bje, o\u010dek\u00e1val pot\u011b\u0161en\u00ed. O\u010dek\u00e1vat m\u011bl cel\u00fd n\u00e1rod. Simeon ned\u011blal jen to, co d\u011blat m\u011bl, nedodr\u017eoval jen z\u00e1kon, ale byl napln\u011bn Duchem svat\u00fdm, \u017eil s&nbsp;P\u00e1nem. A ten mu dal poznat, \u017ee uvid\u00ed Mesi\u00e1\u0161e. Je p\u0159ipraven zem\u0159\u00edt v&nbsp;klidu a pokoji. Vid\u011bl, co mu bylo zasl\u00edbeno. Ve chv\u00edli, kdy je s&nbsp;Kristem, pom\u00edj\u00ed strach. M\u00e1me to stejn\u011b?<\/p>\n<p style=\"text-align: justify;\">K\u00e1z\u00e1n\u00ed si m\u016f\u017eete poslechnout spolu s&nbsp;n\u00e1mi ze z\u00e1znamu.<\/p>\n<p style=\"text-align: justify;\">K\u00e1z\u00e1n\u00ed si m\u016f\u017eete poslechnout v audio z\u00e1znamu na na\u0161ich str\u00e1nk\u00e1ch.<\/p>\n","protected":false},"excerpt":{"rendered":"<p>V\u00e1no\u010dn\u00ed sv\u00e1tky, kdy si p\u0159ipom\u00edn\u00e1me narozen\u00ed na\u0161eho P\u00e1na a Spasitele, jsou za n\u00e1mi. P\u00edsmo n\u00e1m sice nesd\u011bluje, kdy p\u0159esn\u011b k&nbsp;t\u00e9to ud\u00e1losti do\u0161lo, ale tradice postavila tento okam\u017eik do posledn\u00edho m\u011bs\u00edce roku. Datum nen\u00ed a\u017e tak d\u016fle\u017eit\u00e9. Podstatn\u00fd je ten fakt, \u017ee n\u00e1\u0161 dobrotiv\u00fd B\u016fh ji\u017e p\u0159i stvo\u0159en\u00ed vytvo\u0159il pl\u00e1n na na\u0161e spasen\u00ed a vytr\u017een\u00ed z&nbsp;h\u0159\u00edchu. [&hellip;]<\/p>\n","protected":false},"author":1,"featured_media":0,"comment_status":"closed","ping_status":"open","sticky":false,"template":"","format":"standard","meta":{"ngg_post_thumbnail":0,"footnotes":""},"categories":[1],"tags":[],"class_list":["post-8909","post","type-post","status-publish","format-standard","hentry","category-nezarazene"],"_links":{"self":[{"href":"https:\/\/valasskemezirici.casd.cz\/index.php?rest_route=\/wp\/v2\/posts\/8909","targetHints":{"allow":["GET"]}}],"collection":[{"href":"https:\/\/valasskemezirici.casd.cz\/index.php?rest_route=\/wp\/v2\/posts"}],"about":[{"href":"https:\/\/valasskemezirici.casd.cz\/index.php?rest_route=\/wp\/v2\/types\/post"}],"author":[{"embeddable":true,"href":"https:\/\/valasskemezirici.casd.cz\/index.php?rest_route=\/wp\/v2\/users\/1"}],"replies":[{"embeddable":true,"href":"https:\/\/valasskemezirici.casd.cz\/index.php?rest_route=%2Fwp%2Fv2%2Fcomments&post=8909"}],"version-history":[{"count":1,"href":"https:\/\/valasskemezirici.casd.cz\/index.php?rest_route=\/wp\/v2\/posts\/8909\/revisions"}],"predecessor-version":[{"id":8911,"href":"https:\/\/valasskemezirici.casd.cz\/index.php?rest_route=\/wp\/v2\/posts\/8909\/revisions\/8911"}],"wp:attachment":[{"href":"https:\/\/valasskemezirici.casd.cz\/index.php?rest_route=%2Fwp%2Fv2%2Fmedia&parent=8909"}],"wp:term":[{"taxonomy":"category","embeddable":true,"href":"https:\/\/valasskemezirici.casd.cz\/index.php?rest_route=%2Fwp%2Fv2%2Fcategories&post=8909"},{"taxonomy":"post_tag","embeddable":true,"href":"https:\/\/valasskemezirici.casd.cz\/index.php?rest_route=%2Fwp%2Fv2%2Ftags&post=8909"}],"curies":[{"name":"wp","href":"https:\/\/api.w.org\/{rel}","templated":true}]}}