{"id":9170,"date":"2025-03-10T09:14:27","date_gmt":"2025-03-10T08:14:27","guid":{"rendered":"https:\/\/valasskemezirici.casd.cz\/?p=9170"},"modified":"2025-03-10T09:14:30","modified_gmt":"2025-03-10T08:14:30","slug":"opustila-nas-sestra-jana-jancova","status":"publish","type":"post","link":"https:\/\/valasskemezirici.casd.cz\/?p=9170","title":{"rendered":"Opustila n\u00e1s sestra Jana Jan\u010dov\u00e1"},"content":{"rendered":"<h3>&#8222;Kdo v\u011b\u0159\u00ed ve mn\u011b, i kdyby zem\u0159el, bude \u017e\u00edt.&#8220;&nbsp;<\/h3>\n<p>Jan 11,25.<\/p>\n<h2>&nbsp;<\/h2>\n<h2>&nbsp;3.\u010dervna 1938 &#8211; 9.b\u0159ezna 2025<\/h2>\n<p><img loading=\"lazy\" decoding=\"async\" class=\"alignnone size-full wp-image-9171\" src=\"https:\/\/valasskemezirici.casd.cz\/wp-content\/uploads\/2025\/03\/Jana.jpg\" alt=\"\" width=\"1055\" height=\"702\" srcset=\"https:\/\/valasskemezirici.casd.cz\/wp-content\/uploads\/2025\/03\/Jana.jpg 1055w, https:\/\/valasskemezirici.casd.cz\/wp-content\/uploads\/2025\/03\/Jana-300x200.jpg 300w, https:\/\/valasskemezirici.casd.cz\/wp-content\/uploads\/2025\/03\/Jana-1024x681.jpg 1024w, https:\/\/valasskemezirici.casd.cz\/wp-content\/uploads\/2025\/03\/Jana-768x511.jpg 768w\" sizes=\"auto, (max-width: 1055px) 100vw, 1055px\" \/><\/p>\n<p>&nbsp;<\/p>\n<p>&nbsp;<\/p>\n","protected":false},"excerpt":{"rendered":"<p>&#8222;Kdo v\u011b\u0159\u00ed ve mn\u011b, i kdyby zem\u0159el, bude \u017e\u00edt.&#8220;&nbsp; Jan 11,25. &nbsp; &nbsp;3.\u010dervna 1938 &#8211; 9.b\u0159ezna 2025 &nbsp; &nbsp;<\/p>\n","protected":false},"author":1,"featured_media":0,"comment_status":"closed","ping_status":"open","sticky":false,"template":"","format":"standard","meta":{"ngg_post_thumbnail":0,"footnotes":""},"categories":[1],"tags":[],"class_list":["post-9170","post","type-post","status-publish","format-standard","hentry","category-nezarazene"],"_links":{"self":[{"href":"https:\/\/valasskemezirici.casd.cz\/index.php?rest_route=\/wp\/v2\/posts\/9170","targetHints":{"allow":["GET"]}}],"collection":[{"href":"https:\/\/valasskemezirici.casd.cz\/index.php?rest_route=\/wp\/v2\/posts"}],"about":[{"href":"https:\/\/valasskemezirici.casd.cz\/index.php?rest_route=\/wp\/v2\/types\/post"}],"author":[{"embeddable":true,"href":"https:\/\/valasskemezirici.casd.cz\/index.php?rest_route=\/wp\/v2\/users\/1"}],"replies":[{"embeddable":true,"href":"https:\/\/valasskemezirici.casd.cz\/index.php?rest_route=%2Fwp%2Fv2%2Fcomments&post=9170"}],"version-history":[{"count":1,"href":"https:\/\/valasskemezirici.casd.cz\/index.php?rest_route=\/wp\/v2\/posts\/9170\/revisions"}],"predecessor-version":[{"id":9172,"href":"https:\/\/valasskemezirici.casd.cz\/index.php?rest_route=\/wp\/v2\/posts\/9170\/revisions\/9172"}],"wp:attachment":[{"href":"https:\/\/valasskemezirici.casd.cz\/index.php?rest_route=%2Fwp%2Fv2%2Fmedia&parent=9170"}],"wp:term":[{"taxonomy":"category","embeddable":true,"href":"https:\/\/valasskemezirici.casd.cz\/index.php?rest_route=%2Fwp%2Fv2%2Fcategories&post=9170"},{"taxonomy":"post_tag","embeddable":true,"href":"https:\/\/valasskemezirici.casd.cz\/index.php?rest_route=%2Fwp%2Fv2%2Ftags&post=9170"}],"curies":[{"name":"wp","href":"https:\/\/api.w.org\/{rel}","templated":true}]}}