{"id":9431,"date":"2025-07-05T16:39:34","date_gmt":"2025-07-05T14:39:34","guid":{"rendered":"https:\/\/valasskemezirici.casd.cz\/?p=9431"},"modified":"2025-07-05T16:39:37","modified_gmt":"2025-07-05T14:39:37","slug":"sobota-5-cervence-2025","status":"publish","type":"post","link":"https:\/\/valasskemezirici.casd.cz\/?p=9431","title":{"rendered":"Sobota 5.\u010dervence 2025"},"content":{"rendered":"<p style=\"text-align: justify;\">Druh\u00e1 pr\u00e1zdninov\u00e1 sobota byla op\u011bt po\u017eehnan\u00e1. O\u010d m\u00e9n\u011b \u00fa\u010dastn\u00edk\u016f z&nbsp;d\u016fvodu dovolen\u00fdch bylo, o to v\u00edce srde\u010dn\u00e9 a pohodov\u00e9 bylo setk\u00e1n\u00ed, prost\u011b je\u0161t\u011b v\u00edce ne\u017e obvykle.<\/p>\n<p style=\"text-align: justify;\">V&nbsp;sobotn\u00ed \u0161kole jsme poprv\u00e9 otev\u0159eli knihu Exodus, kter\u00e1 pojedn\u00e1v\u00e1 o tom, jak\u00e9 to je, kdy\u017e je se sv\u00fdm lidem B\u016fh. Moj\u017e\u00ed\u0161 je v\u00fdznamn\u00fdm prorokem jak pro \u017eidy, tak pro k\u0159es\u0165any a muslimy. \u00dakolem n\u00e1s provedla sestra Iva Ch\u00e1rov\u00e1. Nejprve jsme shl\u00e9dli video z&nbsp;produkce <em>Bible project<\/em>, kter\u00e1 se zaj\u00edmavou formou sna\u017e\u00ed o sezn\u00e1men\u00ed z\u00e1jemc\u016f s&nbsp;jednotliv\u00fdmi knihami Bible. Hlavn\u00ed postavou dne\u0161n\u00edho \u00fakolu byl Moj\u017e\u00ed\u0161.<\/p>\n<p style=\"text-align: justify;\">B\u016fh uzav\u0159el s&nbsp;lidem Izraele smlouvu, jak \u010dteme v&nbsp;Genesis. Ale lid se vzd\u00e1lil od Boha. B\u016fh chce smlouvu naplnit smlouvu s Abrahamem, Iz\u00e1kem a J\u00e1kobem prost\u0159ednictv\u00edm Josefa.<\/p>\n<p><img loading=\"lazy\" decoding=\"async\" class=\"alignnone wp-image-9432\" src=\"https:\/\/valasskemezirici.casd.cz\/wp-content\/uploads\/2025\/07\/Obrazek-WhatsApp-2025-07-05-v-15.20.04_59580abd.jpg\" alt=\"\" width=\"595\" height=\"794\" srcset=\"https:\/\/valasskemezirici.casd.cz\/wp-content\/uploads\/2025\/07\/Obrazek-WhatsApp-2025-07-05-v-15.20.04_59580abd.jpg 1199w, https:\/\/valasskemezirici.casd.cz\/wp-content\/uploads\/2025\/07\/Obrazek-WhatsApp-2025-07-05-v-15.20.04_59580abd-225x300.jpg 225w, https:\/\/valasskemezirici.casd.cz\/wp-content\/uploads\/2025\/07\/Obrazek-WhatsApp-2025-07-05-v-15.20.04_59580abd-767x1024.jpg 767w, https:\/\/valasskemezirici.casd.cz\/wp-content\/uploads\/2025\/07\/Obrazek-WhatsApp-2025-07-05-v-15.20.04_59580abd-768x1025.jpg 768w, https:\/\/valasskemezirici.casd.cz\/wp-content\/uploads\/2025\/07\/Obrazek-WhatsApp-2025-07-05-v-15.20.04_59580abd-1151x1536.jpg 1151w\" sizes=\"auto, (max-width: 595px) 100vw, 595px\" \/><\/p>\n<p><!--more--><\/p>\n<p style=\"text-align: justify;\">Josef p\u0159ich\u00e1z\u00ed do Egypta ne zrovna p\u0159\u00edjemn\u00fdm zp\u016fsobem, zd\u00e1 se \u017ee se mu nevede dob\u0159e. Ale i \u0161patn\u00fd pro\u017eitek m\u016f\u017ee B\u016fh pou\u017e\u00edt a pou\u017e\u00edv\u00e1 k&nbsp;na\u0161emu dobru.<\/p>\n<p style=\"text-align: justify;\">Nakonec se z&nbsp;n\u011bho stane 2.nejmocn\u011bj\u0161\u00ed mu\u017e Egypta a m\u016f\u017ee zachr\u00e1nit svou rodinu v&nbsp;dob\u011b, kdy Kana\u00e1n su\u017euje hladomor. P\u0159\u00edchoz\u00edch do Egypta je 70lid\u00ed. D\u00edky po\u017eehn\u00e1n\u00ed Hospodina se rozmno\u017e\u00ed a farao ze strachu lid zotro\u010duje. Kniha Exodus vypr\u00e1v\u00ed o poni\u017eov\u00e1n\u00ed, vyko\u0159is\u0165ov\u00e1n\u00ed, utla\u010dov\u00e1n\u00ed lidu. To trvalo 400 let. D\u016fvodem byl strach faraona, kter\u00fd u\u017e si nev\u011bd\u011bl nic o Josefovi, z&nbsp;rozr\u016fstaj\u00edc\u00edch se Izraelc\u016f. B\u00e1l se jak jejich po\u010dtu v&nbsp;p\u0159\u00edpad\u011b, \u017ee by se p\u0159idali na stranu nep\u0159\u00e1tel a za\u00fato\u010dili, tak jejich odchodu, proto\u017ee by p\u0159i\u0161el o velmi levnou pracovn\u00ed s\u00edlu. Jeho strach nebyl podlo\u017een\u00fd, b\u00e1l se n\u011b\u010deho, co neznal, co si vymyslel. Ve sv\u00e9m strachu u\u010dinil opat\u0159en\u00ed \u2013 na\u0159\u00eddil porodn\u00edm b\u00e1b\u00e1m zab\u00edjet v\u0161echny hebrejsk\u00e9 chlapce a d\u011bv\u010data nechat \u017e\u00edt. \u0160ifra a Pua se b\u00e1ly Boha v\u00edc, ne\u017e faraona a neuposlechly. Jm\u00e9no faraona nezn\u00e1me, jm\u00e9na obou \u017een ano. Pro svou v\u011brnost a bohabojnost jsou n\u00e1m zachov\u00e1na. Faraon na\u0159\u00eddil voj\u00e1k\u016fm zab\u00edjet v\u0161echny nemluv\u0148ata.<\/p>\n<p style=\"text-align: justify;\">Mu\u017ei a \u017een\u011b z&nbsp;rodu Levi se narodil syn, kter\u00e9ho 3 m\u011bs\u00edce ukr\u00fdvali a pot\u00e9 ho matka vlo\u017eila v&nbsp;ko\u0161\u00edku do Nilu, kde ho vylovila faraonova dcera a osvojila si ho. Dala mu jm\u00e9no Moj\u017e\u00ed\u0161. A tak vyr\u016fstal na faraonov\u011b dvo\u0159e mu\u017e, kter\u00fd vysvobodil Izrael z&nbsp;jeho podru\u010d\u00ed. Dostalo se mu nejvy\u0161\u0161\u00edho vzd\u011bl\u00e1n\u00ed, z\u00edskal v\u00fdznamn\u00e9 posty. P\u0159esto byl v&nbsp;srdci Hebrejem a na sv\u00e9ho Boha nezapomn\u011bl. Moj\u017e\u00ed\u0161 jako prost\u0159edn\u00edk star\u00e9 smlouvy se st\u00e1v\u00e1 prot\u011bj\u0161kem Krista, prost\u0159edn\u00edka nov\u00e9 smlouvy. K&nbsp;tomu ale vedla je\u0161t\u011b dlouh\u00e1 cesta, na n\u00ed\u017e ud\u011blal Moj\u017e\u00ed\u0161 i \u0161patn\u00e1 rozhodnut\u00ed, kv\u016fli kter\u00fdm musel pro\u017e\u00edt 40 let v&nbsp;midj\u00e1nsk\u00e9 pou\u0161ti. Tady si ho na\u0161el a povolal B\u016fh.<\/p>\n<p style=\"text-align: justify;\">Satan v\u011bd\u011bl, \u017ee mezi Izraelci m\u00e1 vyr\u016fst Vykupitel, a doufal, \u017ee zma\u0159\u00ed Bo\u017e\u00ed z\u00e1m\u011br, kdy\u017e povede kr\u00e1le k tomu, aby hubil hebrejsk\u00e9 d\u011bti. Dobrou zpr\u00e1vou je, \u017ee navzdory satanov\u00fdm pl\u00e1n\u016fm B\u016fh zv\u00edt\u011bzil a pou\u017eil v\u011brn\u00e9 lidi, aby zma\u0159il \u00fasil\u00ed nep\u0159\u00edtele. I my \u017eijeme na \u00fazem\u00ed \u201enep\u0159\u00edtele\u201c, kter\u00e9ho Je\u017e\u00ed\u0161 nazval \u201evl\u00e1dcem tohoto sv\u011bta\u201c. Satan si toto postaven\u00ed uzurpoval ji\u017e od Adama, ale Je\u017e\u00ed\u0161 Kristus ho porazil sv\u00fdm \u017eivotem a smrt\u00ed na k\u0159\u00ed\u017ei. A\u010dkoli se satan neust\u00e1le sna\u017e\u00ed vstupovat do d\u011bjin, jeho vlastn\u00ed konec je jist\u00fd. Dobrou zpr\u00e1vou je, \u017ee t\u011b\u017ekosti \u017eivota lze p\u0159ekonat d\u00edky Bo\u017e\u00ed milosti. Tato milost je na\u0161\u00ed jedinou nad\u011bj\u00ed.<\/p>\n<p style=\"text-align: justify;\">B\u011bhem letn\u00edch m\u011bs\u00edc\u016f bude n\u00e1\u0161 p\u0159\u00edtel akademick\u00fd mal\u00ed\u0159 Jindra Ole\u0161 vystavovat sv\u00e9 grafiky v&nbsp;Komunitn\u00edm centru. Sou\u010d\u00e1st\u00ed otev\u0159en\u00ed v\u00fdstavy byla i vernis\u00e1\u017e s&nbsp;drobn\u00fdm poho\u0161t\u011bn\u00edm. My jsme sice nepro\u017eili vernis\u00e1\u017e, ale ob\u010derstven\u00ed jsme obdr\u017eeli v&nbsp;dne\u0161n\u00ed p\u0159est\u00e1vku jako pozv\u00e1nku na tuto skv\u011blou akci.<\/p>\n<p>&nbsp;<img loading=\"lazy\" decoding=\"async\" class=\"alignnone wp-image-9434\" src=\"https:\/\/valasskemezirici.casd.cz\/wp-content\/uploads\/2025\/07\/Obrazek-WhatsApp-2025-07-05-v-15.20.05_10b80562.jpg\" alt=\"\" width=\"694\" height=\"925\" srcset=\"https:\/\/valasskemezirici.casd.cz\/wp-content\/uploads\/2025\/07\/Obrazek-WhatsApp-2025-07-05-v-15.20.05_10b80562.jpg 1200w, https:\/\/valasskemezirici.casd.cz\/wp-content\/uploads\/2025\/07\/Obrazek-WhatsApp-2025-07-05-v-15.20.05_10b80562-225x300.jpg 225w, https:\/\/valasskemezirici.casd.cz\/wp-content\/uploads\/2025\/07\/Obrazek-WhatsApp-2025-07-05-v-15.20.05_10b80562-768x1024.jpg 768w, https:\/\/valasskemezirici.casd.cz\/wp-content\/uploads\/2025\/07\/Obrazek-WhatsApp-2025-07-05-v-15.20.05_10b80562-1152x1536.jpg 1152w\" sizes=\"auto, (max-width: 694px) 100vw, 694px\" \/><\/p>\n<p style=\"text-align: justify;\">K\u00e1z\u00e1n\u00edm z&nbsp;Bo\u017e\u00edho slova n\u00e1m poslou\u017eila nejmlad\u0161\u00ed laick\u00e1 kazatelka sboru Ad\u00e9la Vr\u00e1blov\u00e1. Zam\u00fd\u0161lela se nad v\u011bc\u00ed na prvn\u00ed pohled ban\u00e1ln\u00ed \u2013 nad rukavic\u00ed. Stejn\u011b jako rukavice p\u0159esn\u011b kop\u00edruje vlo\u017eenou ruku, tak na\u0161e stvo\u0159en\u00ed kop\u00edruje Boha. K&nbsp;tomu, aby se rukavice h\u00fdbala a plnila sv\u016fj \u00fa\u010del, je ov\u0161em pot\u0159eba, aby byla napln\u011bna rukou. Sama o sob\u011b je mrtv\u00e1. Stejn\u011b tak my, pokud nejsme napln\u011bni Duchem svat\u00fdm, ne\u017eijeme plnohodnotn\u00fd \u017eivot, ale p\u0159e\u017e\u00edv\u00e1me. Rukavic je mnoho druh\u016f a ka\u017ed\u00e1 byla vytvo\u0159ena za n\u011bjak\u00fdm \u00fa\u010delem. Stejn\u011b tak my jsme byli obdarov\u00e1ni r\u016fzn\u00fdmi dary, kter\u00e9 m\u00e1me vyu\u017e\u00edvat k pr\u00e1ci pro P\u00e1na. Vyu\u017e\u00edvejme sv\u00e9 dary, a nesna\u017eme se napodobovat ostatn\u00ed, kte\u0159\u00ed maj\u00ed jin\u00e9. Mohli bychom o ten sv\u016fj p\u0159ij\u00edt.<\/p>\n<p style=\"text-align: justify;\">Audio z\u00e1znam k\u00e1z\u00e1n\u00ed najdete na na\u0161ich str\u00e1nk\u00e1ch.<\/p>\n<p style=\"text-align: justify;\"><img loading=\"lazy\" decoding=\"async\" class=\"alignnone wp-image-9433\" src=\"https:\/\/valasskemezirici.casd.cz\/wp-content\/uploads\/2025\/07\/Obrazek-WhatsApp-2025-07-05-v-15.20.04_978b616c.jpg\" alt=\"\" width=\"712\" height=\"949\" srcset=\"https:\/\/valasskemezirici.casd.cz\/wp-content\/uploads\/2025\/07\/Obrazek-WhatsApp-2025-07-05-v-15.20.04_978b616c.jpg 1200w, https:\/\/valasskemezirici.casd.cz\/wp-content\/uploads\/2025\/07\/Obrazek-WhatsApp-2025-07-05-v-15.20.04_978b616c-225x300.jpg 225w, https:\/\/valasskemezirici.casd.cz\/wp-content\/uploads\/2025\/07\/Obrazek-WhatsApp-2025-07-05-v-15.20.04_978b616c-768x1024.jpg 768w, https:\/\/valasskemezirici.casd.cz\/wp-content\/uploads\/2025\/07\/Obrazek-WhatsApp-2025-07-05-v-15.20.04_978b616c-1152x1536.jpg 1152w\" sizes=\"auto, (max-width: 712px) 100vw, 712px\" \/><\/p>\n","protected":false},"excerpt":{"rendered":"<p>Druh\u00e1 pr\u00e1zdninov\u00e1 sobota byla op\u011bt po\u017eehnan\u00e1. O\u010d m\u00e9n\u011b \u00fa\u010dastn\u00edk\u016f z&nbsp;d\u016fvodu dovolen\u00fdch bylo, o to v\u00edce srde\u010dn\u00e9 a pohodov\u00e9 bylo setk\u00e1n\u00ed, prost\u011b je\u0161t\u011b v\u00edce ne\u017e obvykle. V&nbsp;sobotn\u00ed \u0161kole jsme poprv\u00e9 otev\u0159eli knihu Exodus, kter\u00e1 pojedn\u00e1v\u00e1 o tom, jak\u00e9 to je, kdy\u017e je se sv\u00fdm lidem B\u016fh. Moj\u017e\u00ed\u0161 je v\u00fdznamn\u00fdm prorokem jak pro \u017eidy, tak pro k\u0159es\u0165any [&hellip;]<\/p>\n","protected":false},"author":1,"featured_media":0,"comment_status":"closed","ping_status":"open","sticky":false,"template":"","format":"standard","meta":{"ngg_post_thumbnail":0,"footnotes":""},"categories":[1],"tags":[],"class_list":["post-9431","post","type-post","status-publish","format-standard","hentry","category-nezarazene"],"_links":{"self":[{"href":"https:\/\/valasskemezirici.casd.cz\/index.php?rest_route=\/wp\/v2\/posts\/9431","targetHints":{"allow":["GET"]}}],"collection":[{"href":"https:\/\/valasskemezirici.casd.cz\/index.php?rest_route=\/wp\/v2\/posts"}],"about":[{"href":"https:\/\/valasskemezirici.casd.cz\/index.php?rest_route=\/wp\/v2\/types\/post"}],"author":[{"embeddable":true,"href":"https:\/\/valasskemezirici.casd.cz\/index.php?rest_route=\/wp\/v2\/users\/1"}],"replies":[{"embeddable":true,"href":"https:\/\/valasskemezirici.casd.cz\/index.php?rest_route=%2Fwp%2Fv2%2Fcomments&post=9431"}],"version-history":[{"count":1,"href":"https:\/\/valasskemezirici.casd.cz\/index.php?rest_route=\/wp\/v2\/posts\/9431\/revisions"}],"predecessor-version":[{"id":9435,"href":"https:\/\/valasskemezirici.casd.cz\/index.php?rest_route=\/wp\/v2\/posts\/9431\/revisions\/9435"}],"wp:attachment":[{"href":"https:\/\/valasskemezirici.casd.cz\/index.php?rest_route=%2Fwp%2Fv2%2Fmedia&parent=9431"}],"wp:term":[{"taxonomy":"category","embeddable":true,"href":"https:\/\/valasskemezirici.casd.cz\/index.php?rest_route=%2Fwp%2Fv2%2Fcategories&post=9431"},{"taxonomy":"post_tag","embeddable":true,"href":"https:\/\/valasskemezirici.casd.cz\/index.php?rest_route=%2Fwp%2Fv2%2Ftags&post=9431"}],"curies":[{"name":"wp","href":"https:\/\/api.w.org\/{rel}","templated":true}]}}