{"id":9438,"date":"2025-07-21T19:05:27","date_gmt":"2025-07-21T17:05:27","guid":{"rendered":"https:\/\/valasskemezirici.casd.cz\/?p=9438"},"modified":"2025-07-21T19:05:30","modified_gmt":"2025-07-21T17:05:30","slug":"sobota-12-cervence-2025","status":"publish","type":"post","link":"https:\/\/valasskemezirici.casd.cz\/?p=9438","title":{"rendered":"Sobota 12.\u010dervence 2025"},"content":{"rendered":"<p style=\"text-align: justify;\">P\u0159esto\u017ee mnoho \u010dlen\u016f na\u0161eho sbore\u010dku vyrazilo za slun\u00ed\u010dkem do jin\u00fdch kraj\u016f, se\u0161lo se na dne\u0161n\u00ed bohoslu\u017eb\u011b p\u011bkn\u00fdch 17 \u00fa\u010dastn\u00edk\u016f. Dne\u0161n\u00ed sobotu n\u00e1s prov\u00e1zel vedouc\u00ed sboru Pavel Pimek. Hned na po\u010d\u00e1tku se projevilo, jak neskute\u010dn\u011b lehce se dne\u0161n\u00ed mlad\u00ed orientuj\u00ed v&nbsp;technice. Probl\u00e9my se spu\u0161t\u011bn\u00edm hudebn\u00edho doprovodu sborov\u00fdch p\u00edsn\u00ed vy\u0159e\u0161ila nejmlad\u0161\u00ed \u010dlenka z&nbsp;rodu Kimler\u016f.<\/p>\n<p style=\"text-align: justify;\">Na \u00favod sobotn\u00ed \u0161koly n\u00e1s sezn\u00e1mil bratr J\u00e1n Petrovi\u010d se shrnut\u00edm nejd\u016fle\u017eit\u011bj\u0161\u00edch my\u0161lenek minul\u00e9ho \u00fakolu. Samotnou sobotn\u00ed \u0161kolou s&nbsp;n\u00e1zvem \u201eHo\u0159\u00edc\u00ed ke\u0159\u201c n\u00e1s provedla Anna Petrovi\u010dov\u00e1. T\u00e9matem bylo povol\u00e1n\u00ed Izraelit\u016f ze zem\u011b Egyptsk\u00e9 Exod 3. a 4.kapitola. Jak Hospodin zastav\u00ed Moj\u017e\u00ed\u0161e na pou\u0161ti z\u00e1zra\u010dn\u00fdm ho\u0159en\u00edm ke\u0159e, je\u017e plameny nestravovaly. O tom, jak k&nbsp;n\u011bmu B\u016fh promlouv\u00e1 a vysv\u011btluje zevrubn\u011b, k&nbsp;\u010demu jej povol\u00e1v\u00e1. Tak\u00e9 se Hospodin na \u017e\u00e1dost Moj\u017e\u00ed\u0161e p\u0159edstavuje sv\u00fdm Jm\u00e9nem, pod kter\u00fdm Ho bude Izrael zn\u00e1t a\u017e do konce \u010das\u016f. Jeden z&nbsp;velmi podstatn\u00fdch a d\u016fle\u017eit\u00fdch okam\u017eik\u016f, a to nejen pro Hebrejce.<\/p>\n<p><img loading=\"lazy\" decoding=\"async\" class=\"alignnone wp-image-9440\" src=\"https:\/\/valasskemezirici.casd.cz\/wp-content\/uploads\/2025\/07\/Obrazek-WhatsApp-2025-07-12-v-18.47.12_e0054538.jpg\" alt=\"\" width=\"607\" height=\"455\" srcset=\"https:\/\/valasskemezirici.casd.cz\/wp-content\/uploads\/2025\/07\/Obrazek-WhatsApp-2025-07-12-v-18.47.12_e0054538.jpg 1600w, https:\/\/valasskemezirici.casd.cz\/wp-content\/uploads\/2025\/07\/Obrazek-WhatsApp-2025-07-12-v-18.47.12_e0054538-300x225.jpg 300w, https:\/\/valasskemezirici.casd.cz\/wp-content\/uploads\/2025\/07\/Obrazek-WhatsApp-2025-07-12-v-18.47.12_e0054538-1024x767.jpg 1024w, https:\/\/valasskemezirici.casd.cz\/wp-content\/uploads\/2025\/07\/Obrazek-WhatsApp-2025-07-12-v-18.47.12_e0054538-768x576.jpg 768w, https:\/\/valasskemezirici.casd.cz\/wp-content\/uploads\/2025\/07\/Obrazek-WhatsApp-2025-07-12-v-18.47.12_e0054538-1536x1151.jpg 1536w\" sizes=\"auto, (max-width: 607px) 100vw, 607px\" \/><\/p>\n<p><!--more--><\/p>\n<p style=\"text-align: justify;\">I pot\u00e9 zaznamen\u00e1v\u00e1 P\u00edsmo v\u00fdmluvy Moj\u017e\u00ed\u0161e, pro\u010d se nem\u016f\u017ee tohoto \u00fakolu zhostit. Zde nepanovala ve t\u0159\u00edd\u011b shoda, zdali to bylo pro to, \u017ee si velmi dob\u0159e pamatoval, k\u00fdm Egypt ve skute\u010dnosti je, nebo zda za tu dobu v&nbsp;Midj\u00e1nu vysp\u011bl v&nbsp;pokorn\u00e9ho a b\u00e1zliv\u00e9ho mu\u017ee, kter\u00fd si mysl\u00ed, \u017ee nen\u00ed k&nbsp;t\u00e9to v\u011bci ten prav\u00fd a zp\u016fsobil\u00fd. V&nbsp;\u010dem ov\u0161em shoda panovala bylo v\u011bdom\u00ed, \u017ee nech\u00e1peme a nedok\u00e1\u017eeme vysv\u011btlit ten okam\u017eik, kdy Moj\u017e\u00ed\u0161 uposlechne Hospodina, vyd\u00e1 se na cestu, aby pot\u00e9 byl J\u00edm samotn\u00fdm zastaven a zbaven \u017eivota. Takt\u00e9\u017e nen\u00ed pochopiteln\u00fd ani n\u00e1sledn\u00fd \u010din Sipory a ob\u0159ez\u00e1n\u00ed nejmlad\u0161\u00edho syna.<\/p>\n<p style=\"text-align: justify;\">K\u00e1z\u00e1n\u00edm z&nbsp;Bo\u017e\u00edho slova n\u00e1m poslou\u017eil bratr Jarom\u00edr Ju\u0159\u00ednek ze sboru Vset\u00edn. Z\u00e1kladem zamy\u0161len\u00ed byly ver\u0161e z&nbsp;listu \u017did\u016fm 4, 14.-5,10. Byla polo\u017eena ot\u00e1zka: \u201eK\u00fdm je Je\u017e\u00ed\u0161 Kristus a jak\u00fd m\u00e1 v\u00fdznam pro n\u00e1\u0161 kontakt s&nbsp;Bohem, Otcem.\u201c Pot\u0159ebovali jsme prost\u0159edn\u00edka, kter\u00fd osobn\u011b zn\u00e1 Otce a tak\u00e9 osobn\u011b pozn\u00e1 \u010dlov\u011bka s&nbsp;jeho zkou\u0161kami, utrpen\u00edmi i \u00fasp\u011bchy v\u00edry. N\u011bkoho, kdo by okusil i lidstv\u00ed.<\/p>\n<p style=\"text-align: justify;\">P\u00e1n Je\u017e\u00ed\u0161 t\u00edm v\u0161\u00edm pro\u0161el a je schopen n\u00e1m nejen pln\u011b porozum\u011bt, ale um\u00ed n\u00e1m v&nbsp;dan\u00e9 chv\u00edli i pomoci. Pisatel t\u011bchto list\u016f si nev\u0161\u00edm\u00e1 velekn\u011b\u017e\u00ed v&nbsp;jejich lidskosti, slabostech a nedokonalosti. A to po\u010d\u00ednaje \u00c1ronem a kon\u010de Kaif\u00e1\u0161em.<\/p>\n<p style=\"text-align: justify;\">Centrem je vysv\u011btlen\u00ed toho, \u017ee nastal konec star\u00e9ho nedokonal\u00e9ho kn\u011b\u017estv\u00ed a zapo\u010dalo kn\u011b\u017estv\u00ed nov\u00e9 a naprosto dokonal\u00e9. A to v\u0161e podle \u0159\u00e1du Melchisedechova, zastoupen\u00e9ho dokonal\u00fdm velekn\u011bzem, samotn\u00fdm P\u00e1nem Je\u017e\u00ed\u0161em Kristem.<\/p>\n<p style=\"text-align: justify;\">Kristovo utrpen\u00ed se pro Boha Otce st\u00e1v\u00e1 dokonalou sm\u00edr\u010d\u00ed ob\u011bt\u00ed, kter\u00e1 mu umo\u017enila jmenovat sv\u00e9ho Syna Je\u017e\u00ed\u0161e Krista Nejvy\u0161\u0161\u00edm Velekn\u011bzem.<\/p>\n<p style=\"text-align: justify;\">Od t\u00e9to chv\u00edle to nen\u00ed o lidsk\u00e9 snaze a skutc\u00edch, ale o pln\u00e9 d\u016fv\u011b\u0159e v&nbsp;Je\u017e\u00ed\u0161ovo zastoupen\u00ed n\u00e1s samotn\u00fdch, p\u0159ed tr\u016fnem \u017div\u00e9ho Boha. O naprost\u00e9 d\u016fv\u011b\u0159e v&nbsp;P\u00e1na a Jeho n\u00e1sledov\u00e1n\u00ed.<\/p>\n<p><img loading=\"lazy\" decoding=\"async\" class=\"alignnone wp-image-9439\" src=\"https:\/\/valasskemezirici.casd.cz\/wp-content\/uploads\/2025\/07\/Obrazek-WhatsApp-2025-07-12-v-18.47.13_4b8a2b4c.jpg\" alt=\"\" width=\"636\" height=\"477\" srcset=\"https:\/\/valasskemezirici.casd.cz\/wp-content\/uploads\/2025\/07\/Obrazek-WhatsApp-2025-07-12-v-18.47.13_4b8a2b4c.jpg 1600w, https:\/\/valasskemezirici.casd.cz\/wp-content\/uploads\/2025\/07\/Obrazek-WhatsApp-2025-07-12-v-18.47.13_4b8a2b4c-300x225.jpg 300w, https:\/\/valasskemezirici.casd.cz\/wp-content\/uploads\/2025\/07\/Obrazek-WhatsApp-2025-07-12-v-18.47.13_4b8a2b4c-1024x768.jpg 1024w, https:\/\/valasskemezirici.casd.cz\/wp-content\/uploads\/2025\/07\/Obrazek-WhatsApp-2025-07-12-v-18.47.13_4b8a2b4c-768x576.jpg 768w, https:\/\/valasskemezirici.casd.cz\/wp-content\/uploads\/2025\/07\/Obrazek-WhatsApp-2025-07-12-v-18.47.13_4b8a2b4c-1536x1152.jpg 1536w\" sizes=\"auto, (max-width: 636px) 100vw, 636px\" \/><\/p>\n","protected":false},"excerpt":{"rendered":"<p>P\u0159esto\u017ee mnoho \u010dlen\u016f na\u0161eho sbore\u010dku vyrazilo za slun\u00ed\u010dkem do jin\u00fdch kraj\u016f, se\u0161lo se na dne\u0161n\u00ed bohoslu\u017eb\u011b p\u011bkn\u00fdch 17 \u00fa\u010dastn\u00edk\u016f. Dne\u0161n\u00ed sobotu n\u00e1s prov\u00e1zel vedouc\u00ed sboru Pavel Pimek. Hned na po\u010d\u00e1tku se projevilo, jak neskute\u010dn\u011b lehce se dne\u0161n\u00ed mlad\u00ed orientuj\u00ed v&nbsp;technice. Probl\u00e9my se spu\u0161t\u011bn\u00edm hudebn\u00edho doprovodu sborov\u00fdch p\u00edsn\u00ed vy\u0159e\u0161ila nejmlad\u0161\u00ed \u010dlenka z&nbsp;rodu Kimler\u016f. Na \u00favod sobotn\u00ed [&hellip;]<\/p>\n","protected":false},"author":1,"featured_media":0,"comment_status":"closed","ping_status":"open","sticky":false,"template":"","format":"standard","meta":{"ngg_post_thumbnail":0,"footnotes":""},"categories":[1],"tags":[],"class_list":["post-9438","post","type-post","status-publish","format-standard","hentry","category-nezarazene"],"_links":{"self":[{"href":"https:\/\/valasskemezirici.casd.cz\/index.php?rest_route=\/wp\/v2\/posts\/9438","targetHints":{"allow":["GET"]}}],"collection":[{"href":"https:\/\/valasskemezirici.casd.cz\/index.php?rest_route=\/wp\/v2\/posts"}],"about":[{"href":"https:\/\/valasskemezirici.casd.cz\/index.php?rest_route=\/wp\/v2\/types\/post"}],"author":[{"embeddable":true,"href":"https:\/\/valasskemezirici.casd.cz\/index.php?rest_route=\/wp\/v2\/users\/1"}],"replies":[{"embeddable":true,"href":"https:\/\/valasskemezirici.casd.cz\/index.php?rest_route=%2Fwp%2Fv2%2Fcomments&post=9438"}],"version-history":[{"count":1,"href":"https:\/\/valasskemezirici.casd.cz\/index.php?rest_route=\/wp\/v2\/posts\/9438\/revisions"}],"predecessor-version":[{"id":9441,"href":"https:\/\/valasskemezirici.casd.cz\/index.php?rest_route=\/wp\/v2\/posts\/9438\/revisions\/9441"}],"wp:attachment":[{"href":"https:\/\/valasskemezirici.casd.cz\/index.php?rest_route=%2Fwp%2Fv2%2Fmedia&parent=9438"}],"wp:term":[{"taxonomy":"category","embeddable":true,"href":"https:\/\/valasskemezirici.casd.cz\/index.php?rest_route=%2Fwp%2Fv2%2Fcategories&post=9438"},{"taxonomy":"post_tag","embeddable":true,"href":"https:\/\/valasskemezirici.casd.cz\/index.php?rest_route=%2Fwp%2Fv2%2Ftags&post=9438"}],"curies":[{"name":"wp","href":"https:\/\/api.w.org\/{rel}","templated":true}]}}