{"id":9449,"date":"2025-07-27T19:03:17","date_gmt":"2025-07-27T17:03:17","guid":{"rendered":"https:\/\/valasskemezirici.casd.cz\/?p=9449"},"modified":"2025-07-27T19:03:29","modified_gmt":"2025-07-27T17:03:29","slug":"sobota-26-cervence-2025","status":"publish","type":"post","link":"https:\/\/valasskemezirici.casd.cz\/?p=9449","title":{"rendered":"Sobota 26.\u010dervence 2025"},"content":{"rendered":"<p style=\"text-align: justify;\">Po p\u0159\u00edchodu do modlitebny n\u00e1s dnes na lavic\u00edch \u010dekal d\u00e1re\u010dek pro na\u0161e sestry \u2013 kv\u011btiny. Sestra Olenka, zn\u00e1m\u00e1 svou radost\u00ed ze v\u0161eho, co j\u00ed potk\u00e1, a neskute\u010dnou dobrotou je obdarovala vlastnoru\u010dn\u011b zasazen\u00fdmi glox\u00edniemi. V\u0161echny p\u0159\u00edtomn\u00e9 \u017eeny moc pot\u011b\u0161ila.<\/p>\n<p style=\"text-align: justify;\">Sobotn\u00ed \u0161kola op\u011bt prob\u00edhala ve dvou t\u0159\u00edd\u00e1ch. T\u0159\u00eddy p\u0159\u00e1tel se ujala sestra So\u0148a Mro\u010dkov\u00e1 a \u00fakolem v&nbsp;klasick\u00e9 t\u0159\u00edd\u011b s&nbsp;n\u00e1zvem \u201eEgyptsk\u00e9 r\u00e1ny\u201c n\u00e1s provedl vedouc\u00ed sobotn\u00ed \u0161koly Bohumil Mro\u010dek.<\/p>\n<p style=\"text-align: justify;\">Moj\u017e\u00ed\u0161 byl pov\u011b\u0159en, aby vyvedl lid z&nbsp;Egypta. \u0160el za fara\u00f3nem se slovy: \u201ePropus\u0165 m\u016fj lid!\u201c Fara\u00f3n to odm\u00edtal. Fara\u00f3n odm\u00edtl propustit izraelsk\u00fd lid, i kdy\u017e z&nbsp;nich m\u011bl ur\u010dit\u00e9 obavy v p\u0159\u00edpad\u011b konfliktu. P\u0159edev\u0161\u00edm \u017did\u00e9 p\u0159edstavovali pro Egyp\u0165any levnou pracovn\u00ed s\u00edlu, o&nbsp;kterou necht\u011bl p\u0159ij\u00edt. \u00c1ronova h\u016fl prom\u011bn\u011bn\u00e1 v&nbsp;hada pohltila v\u0161echny ostatn\u00ed hady.<\/p>\n<p style=\"text-align: justify;\">Symbol fara\u00f3novy moci byl poko\u0159en. Kdo zatvrdil fara\u00f3novo srdce?<\/p>\n<p style=\"text-align: justify;\">Kdo se jednou podd\u00e1 poku\u0161en\u00ed, snadno mu podlehne znovu. Fara\u00f3n se mohl svobodn\u011b rozhodnout pro Boha, nebo proti n\u011bmu. <em>Deset ran bylo nam\u00ed\u0159eno proti egyptsk\u00fdm boh\u016fm. <\/em>M\u00e1gov\u00e9 nebyli schopn\u00ed t\u0159et\u00ed z\u00e1zrak zopakovat a prohl\u00e1sili: <em>\u201eJe to prst Bo\u017e\u00ed\u201c<\/em>. Zat\u00edmco Egyp\u0165an\u00e9 trp\u011bli, Izraelci byli p\u0159ed r\u00e1nami chr\u00e1n\u011bni. V souvislosti s ranami, Hospodin nechal faraona sklidit n\u00e1sledky neust\u00e1l\u00e9ho odm\u00edt\u00e1n\u00ed. Za odm\u00edt\u00e1n\u00edm v\u017edy stoj\u00ed lidsk\u00e1 p\u00fdcha a ego. Tma nab\u00edz\u00ed zapojit do rozhodov\u00e1n\u00ed vnit\u0159n\u00ed duchovn\u00ed zdroje.<\/p>\n<p style=\"text-align: justify;\">Modl\u00e1\u0159stv\u00ed Egyp\u0165an\u016f m\u011blo Izraelce p\u0159iv\u00e9st k&nbsp;tomu, aby se uch\u00fdlili pod Bo\u017e\u00ed ochranu.&nbsp;<\/p>\n<p style=\"text-align: justify;\"><em>Nehroz\u00ed tak\u00e9 n\u00e1m, \u017ee podlehne sebeklamu?<\/em><\/p>\n<p><img loading=\"lazy\" decoding=\"async\" class=\"alignnone wp-image-9450\" src=\"https:\/\/valasskemezirici.casd.cz\/wp-content\/uploads\/2025\/07\/c341621a-54fc-4cf0-b8f1-793b3e0a5b81.jpeg\" alt=\"\" width=\"423\" height=\"564\" srcset=\"https:\/\/valasskemezirici.casd.cz\/wp-content\/uploads\/2025\/07\/c341621a-54fc-4cf0-b8f1-793b3e0a5b81.jpeg 1536w, https:\/\/valasskemezirici.casd.cz\/wp-content\/uploads\/2025\/07\/c341621a-54fc-4cf0-b8f1-793b3e0a5b81-225x300.jpeg 225w, https:\/\/valasskemezirici.casd.cz\/wp-content\/uploads\/2025\/07\/c341621a-54fc-4cf0-b8f1-793b3e0a5b81-768x1024.jpeg 768w, https:\/\/valasskemezirici.casd.cz\/wp-content\/uploads\/2025\/07\/c341621a-54fc-4cf0-b8f1-793b3e0a5b81-1152x1536.jpeg 1152w\" sizes=\"auto, (max-width: 423px) 100vw, 423px\" \/><\/p>\n<p><!--more--><\/p>\n<p style=\"text-align: justify;\">K\u00e1z\u00e1n\u00edm z&nbsp;Bo\u017e\u00edho slova n\u00e1m poslou\u017eil bratr kazatel Hynek Dona a nav\u00e1zal na t\u00e9ma sobotn\u00edho \u00fakolu.<\/p>\n<p style=\"text-align: justify;\">\u201eJak se c\u00edtili Izraelci, kdy\u017e m\u011bli vyj\u00edt z&nbsp;Egypta? Mo\u017en\u00e1 \u017ee jejich prvn\u00ed dojem je nad\u0161en\u00ed, euforie. Stejn\u011b jako u n\u00e1s v&nbsp;roce 1989. Nad\u0161en\u00ed \u2013 v\u0161echno bude jinak, budeme si \u017e\u00edt jako na z\u00e1pad\u011b. Dnes se objevuj\u00ed lid\u00e9, kte\u0159\u00ed \u0159\u00edkaj\u00ed \u2013 my jsme tehdy byli oklam\u00e1ni, m\u011bli jsme se dob\u0159e. Sice jsme \u017eili z&nbsp;m\u00e1la, ale m\u011bli jsme jistoty. Mohli jsme se svobodn\u011b sch\u00e1zet, ne ka\u017ed\u00fd byl pron\u00e1sledov\u00e1n. Izraelci se t\u011b\u0161ili, \u017ee vyjdou, ale najednou pro n\u011b byly v\u011bci probl\u00e9m. Nebylo v\u0161e podle jejich p\u0159edstav, ztr\u00e1c\u00ed trp\u011blivost.<\/p>\n<p style=\"text-align: justify;\">P\u0159ed \u010dasem bylo k\u00e1z\u00e1n\u00ed o proroctv\u00edch. Je\u017e\u00ed\u0161 je v&nbsp;Jeruzal\u00e9m\u011b, vych\u00e1z\u00ed s&nbsp;u\u010dedn\u00edky a vypr\u00e1v\u00ed jim o sv\u00e9m druh\u00e9m p\u0159\u00edchodu. U\u010dedn\u00edci asi pln\u011b nerozum\u00ed, ale jsou nad\u0161en\u00ed, \u017ee se za sv\u00e9ho \u017eivota do\u010dkaj\u00ed n\u00e1vratu Je\u017e\u00ed\u0161e Krista. Je\u017e\u00ed\u0161 o tom vypr\u00e1v\u00ed, ale truchl\u00ed nad Jeruzal\u00e9mem. Rozum\u00edme pln\u011b 10 ran\u00e1m v&nbsp;Egypt\u011b, jak to Egyp\u0165an\u00e9 pro\u017e\u00edvali? Izraelc\u016f se mnoh\u00e9 r\u00e1ny net\u00fdkaly. Hovo\u0159\u00edme o posledn\u00ed dob\u011b, o v\u011bcech, kter\u00e9 se maj\u00ed odehr\u00e1vat. Rozum\u00edme jim? Rozum\u00edme tomu, co bude v&nbsp;posledn\u00ed dob\u011b?<\/p>\n<p style=\"text-align: justify;\">Jedna d\u00edvenka byla velice ztr\u00e1pen\u00e1. Je jaro, otec j\u00ed ozn\u00e1m\u00ed, \u017ee pojede k&nbsp;tet\u011b n\u011bkolik set km. Stane se zamlklou, ustaranou. Otec se zept\u00e1, co j\u00ed je. D\u00edvka se ob\u00e1vala cesty, jestli zvl\u00e1dne p\u0159estupy, apod. Otec j\u00ed \u0159ekne \u2013 te\u010f se t\u00edm netrap. A\u017e to nastane, P\u00e1n ti d\u00e1 my\u0161lenky, jak co ud\u011blat. Stejn\u011b tak my \u2013 spol\u00e9hejme na Boha, \u017ee v&nbsp;dob\u011b, kter\u00e1 bude ta prav\u00e1 doba, uk\u00e1\u017ee, co m\u00e1me d\u011blat, jak v\u011bci \u0159e\u0161it.<\/p>\n<p style=\"text-align: justify;\">Je\u017e\u00ed\u0161 vypr\u00e1v\u00ed o druh\u00e9m p\u0159\u00edchodu, truchl\u00ed nad Jeruzal\u00e9mem, a u\u010dedn\u00edci pro\u017e\u00edvaj\u00ed zd\u011b\u0161en\u00ed. Nev\u00ed, co se bude d\u00edt. Je\u017e\u00ed\u0161 v\u0161e ukazuje, dokonce poukazuje na n\u011bkter\u00e9 pr\u016fvodn\u00ed jevy. Viz Mat 24. U\u010dedn\u00edci se ptaj\u00ed &#8211; tak n\u00e1m \u0159ekni, kdy se to stane?<\/p>\n<p style=\"text-align: justify;\">My\u0161lenka \u2013 kdyby Izraelci dodr\u017eovali Bo\u017e\u00ed z\u00e1kon, nemusel by Je\u017e\u00ed\u0161 um\u00edrat na Golgot\u011b. Kdybychom my dodr\u017eovali Bo\u017e\u00ed z\u00e1kon, nemusel by Je\u017e\u00ed\u0161 zem\u0159\u00edt. Je to pravda? Nen\u00ed. 1Moj 3, 15. Mnohdy \u0159ekneme n\u011bco takov\u00e9ho. Ale Bible \u0159\u00edk\u00e1 \u2013 nikdo nezn\u00e1 \u010das, jen Otec nebesk\u00fd. Nen\u00ed to ot\u00e1zka \u201ekdybych j\u00e1 byl\u2026\u201c. P\u0159ij\u00edm\u00e1m Bo\u017e\u00ed milost? Vyzn\u00e1v\u00e1m, co jsem ud\u011blal \u0161patn\u011b? M\u00e1m pocit pot\u0159eby Je\u017e\u00ed\u0161ova o\u010di\u0161t\u011bn\u00ed? To jsou d\u016fle\u017eit\u00e9 ot\u00e1zky, a ne \u201eKdy\u017e bych dodr\u017eoval\u2026\u201c<\/p>\n<p style=\"text-align: justify;\">Lid\u00e9 vyslovili n\u011bkolik term\u00edn\u016f, kdy \u00fadajn\u011b m\u00e1 p\u0159ij\u00edt Je\u017e\u00ed\u0161 Kristus. \u201e\u0158ekni kdy?\u201c Znamen\u00ed zapsan\u00e1 v&nbsp;P\u00edsmu n\u00e1m maj\u00ed n\u011bco \u0159\u00edci. Ne to, KDY to bude, ale \u017ee m\u00e1me d\u00e1t prostor ve sv\u00e9m \u017eivot\u011b Je\u017e\u00ed\u0161i Kristu. Kap.24 \u201eM\u011bjte se na pozoru, aby v\u00e1s n\u011bkdo nesvedl.\u201c To je d\u016fle\u017eit\u00e9. Prorock\u00e9 slovo zde nen\u00ed proto, abych p\u0159edpov\u00eddali pr\u016fb\u011bh a datum budouc\u00edch ud\u00e1losti, ale proto, \u017ee satan jako velk\u00fd podvodn\u00edk \u201ejako lev \u0159vouc\u00ed\u201c obch\u00e1z\u00ed, aby svedl mnoh\u00e9.<\/p>\n<p style=\"text-align: justify;\">Nezam\u011b\u0159ujme se na pr\u016fb\u011bh, ale na to, co \u0159\u00edk\u00e1 Je\u017e\u00ed\u0161 \u2013 nenechte se sv\u00e9st. Svody tu jsou. Je\u017e\u00ed\u0161 hovo\u0159\u00ed o vn\u011bj\u0161\u00edch, vnit\u0159n\u00edch hrozb\u00e1ch pro na\u0161i v\u00edru. Kdy\u017e budeme zkoumat, co je zven\u010d\u00ed \u2013 to vid\u00edme i dnes. Po\u010das\u00ed, v\u00e1lky. Mat 24 kap. \u2013 \u201eBudete sly\u0161et v\u00e1le\u010dn\u00fd ryk, zv\u011bsti o v\u00e1lk\u00e1ch. \u2026. Povstane kr\u00e1lovstv\u00ed proti kr\u00e1lovstv\u00ed. Ale to bude teprve za\u010d\u00e1tek.\u201c Srovn\u00e1v\u00e1me s&nbsp;t\u00edm, co se d\u011bje ve sv\u011bt\u011b a d\u011bs\u00edme se konce. Hl\u00edd\u00e1me svou v\u00edru a d\u016fv\u011bru v\u016f\u010di P\u00e1nu Bohu? Mnoh\u00e9 v\u011bci se stup\u0148uj\u00ed. Ale nen\u00ed na\u0161\u00edm \u00fakolem to hl\u00eddat.<\/p>\n<p style=\"text-align: justify;\">P\u00e1n Je\u017e\u00ed\u0161 hovo\u0159\u00ed \u2013 povstanou fale\u0161n\u00ed Kristov\u00e9. Co to je? Kristus byl ve sv\u00e9 dob\u011b pomazan\u00fd = vykupitel. Prohla\u0161uje se dnes n\u011bkdo takto? Dokonce i u n\u00e1s. D\u0159\u00edve \u201eKristus\u201c n\u011bco \u0159\u00edkalo = mesi\u00e1\u0161, vykupitel, pomazan\u00fd. Moj\u017e\u00ed\u0161 p\u0159edstavuje Boha \u201eJsem kter\u00fd jsem\u201c, v&nbsp;desateru \u201ej\u00e1 jsem\u201c. Bl\u00ed\u017e\u00ed se volby, mnoz\u00ed \u0159\u00edkaj\u00ed \u201ej\u00e1 jsem jedin\u00e9 mo\u017en\u00e9 dobr\u00e9 \u0159e\u0161en\u00ed pro tuto zemi\u201c.&nbsp; Nestav\u00ed se do role Mesi\u00e1\u0161e? Dne\u0161n\u00ed sv\u011bt je d\u011bji\u0161t\u011bm r\u016fzn\u00fdch manipula\u010dn\u00edch podvod\u016f. Lid\u00e9 hovo\u0159\u00ed o tom, \u017ee oni m\u016f\u017eou zachr\u00e1nit. Odv\u00e1d\u011bj\u00ed pozornost od Krista na sebe. Je\u017e\u00ed\u0161 byl vysvoboditel, poslan\u00fd Bohem, Kr\u00e1lem. Je\u017e\u00ed\u0161 se tomu osloven\u00ed nebr\u00e1n\u00ed: \u201eTy jsi to \u0159ekl.\u201c S\u00e1m to nezd\u016fraz\u0148uje. Dne\u0161n\u00ed sv\u011bt se stav\u00ed nam\u00edsto Krista, jako by mohl n\u011bco zachr\u00e1nit.<\/p>\n<p style=\"text-align: justify;\">U\u010dedn\u00edci o\u010dek\u00e1vali setk\u00e1n\u00ed Je\u017e\u00ed\u0161e za \u017eivota, a a\u010d se to nestalo, nec\u00edtili zklam\u00e1n\u00ed. Snad jen ti dva v&nbsp;Emauz\u00edch, kte\u0159\u00ed nepochopili. Pokud se nestane, co o\u010dek\u00e1v\u00e1m, m\u016f\u017eeme zmalomysln\u011bt, m\u016f\u017eeme p\u0159estat v\u011b\u0159it. Je mnoho politik\u016f, hospod\u00e1\u0159sk\u00fdch v\u016fdc\u016f, ideolog\u016f, jejich\u017e \u010dinnost\u00ed je to, co d\u011bl\u00e1 jen B\u016fh \u2013 J\u00e1 jsem. D\u00edky tomu se mnoho lid\u00ed nech\u00e1 zl\u00e1kat, odch\u00e1z\u00ed od Krista. I k\u0159es\u0165an\u00e9 se mohou nechat zmanipulovat. Podvodn\u00edci svedou i vyvolen\u00e9. Proto je d\u016fle\u017eit\u00e9, co \u0159\u00edk\u00e1 Je\u017e\u00ed\u0161 &#8211; m\u011bjte se na pozoru, aby v\u00e1s nikdo nesvedl. \u010e\u00e1bel pou\u017eije kohokoliv, kdo \u0159ekne \u2013 j\u00e1 jsem.<\/p>\n<p style=\"text-align: justify;\">Druh\u00fd podvod, kter\u00fd \u00fato\u010d\u00ed na sbory, \u017ee budeme sly\u0161et v\u00e1le\u010dn\u00fd ryk a zv\u011bsti o v\u00e1lk\u00e1ch. Hle\u010fte, abyste se nelekali. Satan se sna\u017e\u00ed o to, aby pozornost k\u0159es\u0165an\u016f upoutal na n\u011bco nepodstatn\u00e9ho. Ale podstatn\u00fd je Je\u017e\u00ed\u0161 Kristus. Je\u017e\u00ed\u0161 Kristus DNES chce b\u00fdt sou\u010d\u00e1st\u00ed m\u00e9ho \u017eivota. Satan vytv\u00e1\u0159\u00ed spekulace pro fale\u0161n\u00e9 prorock\u00e9 spekulace.<\/p>\n<p style=\"text-align: justify;\">V&nbsp;\u010dem je d\u016fle\u017eit\u00e9 proroctv\u00ed? \u017de n\u00e1m \u0159\u00edk\u00e1, co se bude d\u00edt? Vid\u00edme v&nbsp;tom Bo\u017e\u00ed v\u016fli. Ka\u017ed\u00e9 proroctv\u00ed p\u0159in\u00e1\u0161\u00ed p\u0159edev\u0161\u00edm nad\u011bji. 2Par 15,1.- d\u00e1le .<\/p>\n<p style=\"text-align: justify;\">\u201e\u010cekatel\u00e9\u201c konce sv\u011bta ve v\u0161em vid\u00ed posledn\u00ed ud\u00e1losti. Ale Je\u017e\u00ed\u0161 hovo\u0159\u00ed jinak. Abychom nebyli svedeni, abychom \u017eili ve v\u011bdom\u00ed, \u017ee Je\u017e\u00ed\u0161 Kristu je v&nbsp;m\u00e9m \u017eivot\u011b p\u0159\u00edtomen. Je\u017e\u00ed\u0161 n\u00e1s bude osvobozovat od okov\u016f strachu v&nbsp;posledn\u00ed dob\u011b. Nejde jen o posledn\u00ed ud\u00e1losti, ale o spasen\u00ed, o \u017eivot v\u011b\u010dn\u00fd. P\u00e1n Je\u017e\u00ed\u0161 vyz\u00fdv\u00e1 k&nbsp;obr\u00e1cen\u00ed. Ka\u017ed\u00e9 proroctv\u00ed n\u00e1s&nbsp; vede k&nbsp;obr\u00e1cen\u00ed, k&nbsp;P\u00e1nu Bohu.<\/p>\n<p style=\"text-align: justify;\">Izaj\u00e1\u0161 19 kapitola\u201c<\/p>\n<p style=\"text-align: justify;\">Audio z\u00e1znam k\u00e1z\u00e1n\u00ed najdete na na\u0161em webu.<\/p>\n<p><img loading=\"lazy\" decoding=\"async\" class=\"alignnone wp-image-9451\" src=\"https:\/\/valasskemezirici.casd.cz\/wp-content\/uploads\/2025\/07\/01b50447-40e1-4510-a44a-801e26bf261e.jpeg\" alt=\"\" width=\"398\" height=\"531\" srcset=\"https:\/\/valasskemezirici.casd.cz\/wp-content\/uploads\/2025\/07\/01b50447-40e1-4510-a44a-801e26bf261e.jpeg 1199w, https:\/\/valasskemezirici.casd.cz\/wp-content\/uploads\/2025\/07\/01b50447-40e1-4510-a44a-801e26bf261e-225x300.jpeg 225w, https:\/\/valasskemezirici.casd.cz\/wp-content\/uploads\/2025\/07\/01b50447-40e1-4510-a44a-801e26bf261e-767x1024.jpeg 767w, https:\/\/valasskemezirici.casd.cz\/wp-content\/uploads\/2025\/07\/01b50447-40e1-4510-a44a-801e26bf261e-768x1025.jpeg 768w, https:\/\/valasskemezirici.casd.cz\/wp-content\/uploads\/2025\/07\/01b50447-40e1-4510-a44a-801e26bf261e-1151x1536.jpeg 1151w\" sizes=\"auto, (max-width: 398px) 100vw, 398px\" \/> <img loading=\"lazy\" decoding=\"async\" class=\"alignnone wp-image-9452\" src=\"https:\/\/valasskemezirici.casd.cz\/wp-content\/uploads\/2025\/07\/3b9d1265-8935-40a2-a0fb-a91b76297bd2.jpeg\" alt=\"\" width=\"397\" height=\"529\" srcset=\"https:\/\/valasskemezirici.casd.cz\/wp-content\/uploads\/2025\/07\/3b9d1265-8935-40a2-a0fb-a91b76297bd2.jpeg 1199w, https:\/\/valasskemezirici.casd.cz\/wp-content\/uploads\/2025\/07\/3b9d1265-8935-40a2-a0fb-a91b76297bd2-225x300.jpeg 225w, https:\/\/valasskemezirici.casd.cz\/wp-content\/uploads\/2025\/07\/3b9d1265-8935-40a2-a0fb-a91b76297bd2-767x1024.jpeg 767w, https:\/\/valasskemezirici.casd.cz\/wp-content\/uploads\/2025\/07\/3b9d1265-8935-40a2-a0fb-a91b76297bd2-768x1025.jpeg 768w, https:\/\/valasskemezirici.casd.cz\/wp-content\/uploads\/2025\/07\/3b9d1265-8935-40a2-a0fb-a91b76297bd2-1151x1536.jpeg 1151w\" sizes=\"auto, (max-width: 397px) 100vw, 397px\" \/><\/p>\n<p><img loading=\"lazy\" decoding=\"async\" class=\"alignnone wp-image-9453\" src=\"https:\/\/valasskemezirici.casd.cz\/wp-content\/uploads\/2025\/07\/9f10b35c-1636-4a63-9f82-8923dc9f1e52.jpeg\" alt=\"\" width=\"396\" height=\"528\" srcset=\"https:\/\/valasskemezirici.casd.cz\/wp-content\/uploads\/2025\/07\/9f10b35c-1636-4a63-9f82-8923dc9f1e52.jpeg 1199w, https:\/\/valasskemezirici.casd.cz\/wp-content\/uploads\/2025\/07\/9f10b35c-1636-4a63-9f82-8923dc9f1e52-225x300.jpeg 225w, https:\/\/valasskemezirici.casd.cz\/wp-content\/uploads\/2025\/07\/9f10b35c-1636-4a63-9f82-8923dc9f1e52-767x1024.jpeg 767w, https:\/\/valasskemezirici.casd.cz\/wp-content\/uploads\/2025\/07\/9f10b35c-1636-4a63-9f82-8923dc9f1e52-768x1025.jpeg 768w, https:\/\/valasskemezirici.casd.cz\/wp-content\/uploads\/2025\/07\/9f10b35c-1636-4a63-9f82-8923dc9f1e52-1151x1536.jpeg 1151w\" sizes=\"auto, (max-width: 396px) 100vw, 396px\" \/> <img loading=\"lazy\" decoding=\"async\" class=\"alignnone wp-image-9454\" src=\"https:\/\/valasskemezirici.casd.cz\/wp-content\/uploads\/2025\/07\/74960173-2a3e-433e-855a-0a62d0c52f9e.jpeg\" alt=\"\" width=\"397\" height=\"530\" srcset=\"https:\/\/valasskemezirici.casd.cz\/wp-content\/uploads\/2025\/07\/74960173-2a3e-433e-855a-0a62d0c52f9e.jpeg 1199w, https:\/\/valasskemezirici.casd.cz\/wp-content\/uploads\/2025\/07\/74960173-2a3e-433e-855a-0a62d0c52f9e-225x300.jpeg 225w, https:\/\/valasskemezirici.casd.cz\/wp-content\/uploads\/2025\/07\/74960173-2a3e-433e-855a-0a62d0c52f9e-767x1024.jpeg 767w, https:\/\/valasskemezirici.casd.cz\/wp-content\/uploads\/2025\/07\/74960173-2a3e-433e-855a-0a62d0c52f9e-768x1025.jpeg 768w, https:\/\/valasskemezirici.casd.cz\/wp-content\/uploads\/2025\/07\/74960173-2a3e-433e-855a-0a62d0c52f9e-1151x1536.jpeg 1151w\" sizes=\"auto, (max-width: 397px) 100vw, 397px\" \/><\/p>\n<p style=\"text-align: justify;\">&nbsp;<\/p>\n<p style=\"text-align: justify;\">&nbsp;<\/p>\n","protected":false},"excerpt":{"rendered":"<p>Po p\u0159\u00edchodu do modlitebny n\u00e1s dnes na lavic\u00edch \u010dekal d\u00e1re\u010dek pro na\u0161e sestry \u2013 kv\u011btiny. Sestra Olenka, zn\u00e1m\u00e1 svou radost\u00ed ze v\u0161eho, co j\u00ed potk\u00e1, a neskute\u010dnou dobrotou je obdarovala vlastnoru\u010dn\u011b zasazen\u00fdmi glox\u00edniemi. V\u0161echny p\u0159\u00edtomn\u00e9 \u017eeny moc pot\u011b\u0161ila. Sobotn\u00ed \u0161kola op\u011bt prob\u00edhala ve dvou t\u0159\u00edd\u00e1ch. T\u0159\u00eddy p\u0159\u00e1tel se ujala sestra So\u0148a Mro\u010dkov\u00e1 a \u00fakolem v&nbsp;klasick\u00e9 [&hellip;]<\/p>\n","protected":false},"author":1,"featured_media":0,"comment_status":"closed","ping_status":"open","sticky":false,"template":"","format":"standard","meta":{"ngg_post_thumbnail":0,"footnotes":""},"categories":[1],"tags":[],"class_list":["post-9449","post","type-post","status-publish","format-standard","hentry","category-nezarazene"],"_links":{"self":[{"href":"https:\/\/valasskemezirici.casd.cz\/index.php?rest_route=\/wp\/v2\/posts\/9449","targetHints":{"allow":["GET"]}}],"collection":[{"href":"https:\/\/valasskemezirici.casd.cz\/index.php?rest_route=\/wp\/v2\/posts"}],"about":[{"href":"https:\/\/valasskemezirici.casd.cz\/index.php?rest_route=\/wp\/v2\/types\/post"}],"author":[{"embeddable":true,"href":"https:\/\/valasskemezirici.casd.cz\/index.php?rest_route=\/wp\/v2\/users\/1"}],"replies":[{"embeddable":true,"href":"https:\/\/valasskemezirici.casd.cz\/index.php?rest_route=%2Fwp%2Fv2%2Fcomments&post=9449"}],"version-history":[{"count":1,"href":"https:\/\/valasskemezirici.casd.cz\/index.php?rest_route=\/wp\/v2\/posts\/9449\/revisions"}],"predecessor-version":[{"id":9455,"href":"https:\/\/valasskemezirici.casd.cz\/index.php?rest_route=\/wp\/v2\/posts\/9449\/revisions\/9455"}],"wp:attachment":[{"href":"https:\/\/valasskemezirici.casd.cz\/index.php?rest_route=%2Fwp%2Fv2%2Fmedia&parent=9449"}],"wp:term":[{"taxonomy":"category","embeddable":true,"href":"https:\/\/valasskemezirici.casd.cz\/index.php?rest_route=%2Fwp%2Fv2%2Fcategories&post=9449"},{"taxonomy":"post_tag","embeddable":true,"href":"https:\/\/valasskemezirici.casd.cz\/index.php?rest_route=%2Fwp%2Fv2%2Ftags&post=9449"}],"curies":[{"name":"wp","href":"https:\/\/api.w.org\/{rel}","templated":true}]}}