{"id":9489,"date":"2025-08-22T09:59:19","date_gmt":"2025-08-22T07:59:19","guid":{"rendered":"https:\/\/valasskemezirici.casd.cz\/?p=9489"},"modified":"2025-08-22T09:59:21","modified_gmt":"2025-08-22T07:59:21","slug":"spolecna-bohosluzba-valasskych-sboru","status":"publish","type":"post","link":"https:\/\/valasskemezirici.casd.cz\/?p=9489","title":{"rendered":"Spole\u010dn\u00e1 bohoslu\u017eba Vala\u0161sk\u00fdch sbor\u016f"},"content":{"rendered":"<h4>V sobotu 30.srpna 2025 se sejdeme na spole\u010dn\u00e9 bohoslu\u017eb\u011b Vala\u0161sk\u00fdch sbor\u016f ve Vset\u00edn\u011b.<\/h4>\n<h4>K\u00e1z\u00e1n\u00edm z Bo\u017e\u00edho slova n\u00e1m poslou\u017e\u00ed bratr Peter \u010c\u00edk, p\u0159edseda \u010cesko-Slovensk\u00e9 unie C\u00edrkve adventist\u016f sedm\u00e9ho dne.<\/h4>\n<p><img loading=\"lazy\" decoding=\"async\" class=\"\" src=\"http:\/\/ati.casd.cz\/wp-content\/uploads\/2023\/03\/P1010292_RETUS-796x1024.jpg\" width=\"385\" height=\"495\"><\/p>\n","protected":false},"excerpt":{"rendered":"<p>V sobotu 30.srpna 2025 se sejdeme na spole\u010dn\u00e9 bohoslu\u017eb\u011b Vala\u0161sk\u00fdch sbor\u016f ve Vset\u00edn\u011b. K\u00e1z\u00e1n\u00edm z Bo\u017e\u00edho slova n\u00e1m poslou\u017e\u00ed bratr Peter \u010c\u00edk, p\u0159edseda \u010cesko-Slovensk\u00e9 unie C\u00edrkve adventist\u016f sedm\u00e9ho dne.<\/p>\n","protected":false},"author":1,"featured_media":0,"comment_status":"closed","ping_status":"open","sticky":false,"template":"","format":"standard","meta":{"ngg_post_thumbnail":0,"footnotes":""},"categories":[1],"tags":[],"class_list":["post-9489","post","type-post","status-publish","format-standard","hentry","category-nezarazene"],"_links":{"self":[{"href":"https:\/\/valasskemezirici.casd.cz\/index.php?rest_route=\/wp\/v2\/posts\/9489","targetHints":{"allow":["GET"]}}],"collection":[{"href":"https:\/\/valasskemezirici.casd.cz\/index.php?rest_route=\/wp\/v2\/posts"}],"about":[{"href":"https:\/\/valasskemezirici.casd.cz\/index.php?rest_route=\/wp\/v2\/types\/post"}],"author":[{"embeddable":true,"href":"https:\/\/valasskemezirici.casd.cz\/index.php?rest_route=\/wp\/v2\/users\/1"}],"replies":[{"embeddable":true,"href":"https:\/\/valasskemezirici.casd.cz\/index.php?rest_route=%2Fwp%2Fv2%2Fcomments&post=9489"}],"version-history":[{"count":1,"href":"https:\/\/valasskemezirici.casd.cz\/index.php?rest_route=\/wp\/v2\/posts\/9489\/revisions"}],"predecessor-version":[{"id":9490,"href":"https:\/\/valasskemezirici.casd.cz\/index.php?rest_route=\/wp\/v2\/posts\/9489\/revisions\/9490"}],"wp:attachment":[{"href":"https:\/\/valasskemezirici.casd.cz\/index.php?rest_route=%2Fwp%2Fv2%2Fmedia&parent=9489"}],"wp:term":[{"taxonomy":"category","embeddable":true,"href":"https:\/\/valasskemezirici.casd.cz\/index.php?rest_route=%2Fwp%2Fv2%2Fcategories&post=9489"},{"taxonomy":"post_tag","embeddable":true,"href":"https:\/\/valasskemezirici.casd.cz\/index.php?rest_route=%2Fwp%2Fv2%2Ftags&post=9489"}],"curies":[{"name":"wp","href":"https:\/\/api.w.org\/{rel}","templated":true}]}}