{"id":9492,"date":"2025-08-24T20:07:20","date_gmt":"2025-08-24T18:07:20","guid":{"rendered":"https:\/\/valasskemezirici.casd.cz\/?p=9492"},"modified":"2025-08-24T20:07:23","modified_gmt":"2025-08-24T18:07:23","slug":"sobota-23-srpna-2025","status":"publish","type":"post","link":"https:\/\/valasskemezirici.casd.cz\/?p=9492","title":{"rendered":"Sobota 23.srpna 2025"},"content":{"rendered":"<p>Dovolen\u00e9 pomali\u010dku kon\u010d\u00ed a na\u0161i \u010dlenov\u00e9 op\u011bt zapl\u0148uj\u00ed lavice modlitebny s touhou duchovn\u011b se ob\u010derstvit a posilnit do dal\u0161\u00edch v\u0161edn\u00edch dn\u016f.<\/p>\n<p>Nad \u00fakolem sobotn\u00ed \u0161koly s n\u00e1zvem &#8222;Smlouva na S\u00ednaji&#8220; jsme se zam\u00fd\u0161leli spolu s Bohumilem Mro\u010dkem.<\/p>\n<p>Hospodin vedl sv\u016fj lid z Egypta do zasl\u00edben\u00e9 zem\u011b.&nbsp;P\u0159ivedl Izraelce pod horu Sinaj a dal jim Desatero.&nbsp;Desatero tvo\u0159\u00ed podstatu a z\u00e1klad Bo\u017e\u00edch norem pro cel\u00e9 lidstvo.&nbsp;Jeho principy jsou v\u011b\u010dn\u00e9 a univerz\u00e1ln\u00ed.&nbsp;Kl\u00ed\u010dov\u00fdm principem p\u0159ik\u00e1z\u00e1n\u00ed je <strong>l\u00e1ska.&nbsp;<\/strong>Projev\u00ed se ve vztahu \u010dlov\u011bka k Bohu a k bli\u017en\u00edm.&nbsp;Z\u00e1kon chr\u00e1n\u00ed \u010dlov\u011bka p\u0159ed zlem a d\u00e1v\u00e1 mu moudrost, porozum\u011bn\u00ed, zdrav\u00ed, prosperitu a pokoj.&nbsp;Nem\u00e1 schopnost napravovat nedostatky ani nenab\u00edz\u00ed \u0159e\u0161en\u00ed probl\u00e9m\u016f.<\/p>\n<p><em>Bo\u017e\u00ed spravedlnost skrze v\u00edru v Je\u017e\u00ed\u0161e Krista pro v\u0161ecky, kdo v\u011b\u0159\u00ed.&nbsp;<\/em>To je Bo\u017e\u00ed zp\u016fsob ospravedl\u0148ov\u00e1n\u00ed h\u0159\u00ed\u0161n\u00edk\u016f. P\u0159ed Golgotou i po n\u00ed.&nbsp;Je\u017e\u00ed\u0161 Kristus je <strong>podstatou Bo\u017e\u00edho z\u00e1kona o ospravedl\u0148ov\u00e1n\u00ed ud\u011blen\u00edm milosti.&nbsp;<\/strong><strong>Desatero i Bo\u017e\u00ed z\u00e1kon ospravedl\u0148ov\u00e1n\u00ed<\/strong> maj\u00ed trvalou platnost.&nbsp;Jistota spasen\u00ed vypl\u00fdv\u00e1 ze z\u00e1kona o ospravedl\u0148ov\u00e1n\u00ed.&nbsp;Z&nbsp;poru\u0161ov\u00e1n\u00ed Desatera m\u016f\u017ee vypl\u00fdvat jedin\u011b jistota, \u017ee pot\u0159ebujeme ospravedln\u011bn\u00ed.<\/p>\n<p>K\u00e1z\u00e1n\u00edm z Bo\u017e\u00edho slova n\u00e1m poslou\u017eil bratr Petr Pimek. Nejen jeho sourozenci, ale my v\u0161ichni jsme ho po del\u0161\u00ed dob\u011b op\u011bt r\u00e1di uv\u00edtali v na\u0161em spole\u010denstv\u00ed. Jeho zamy\u0161len\u00ed se t\u00fdkalo toho nejd\u016fle\u017eit\u011bj\u0161\u00edho &#8211; l\u00e1sky. Zalo\u017eeno bylo na textu 1 Kor 13, 4.-7. Tento text jsme dostali vyti\u0161t\u011bn\u00fd s t\u00edm, \u017ee slovo L\u00c1SKA bylo nahrazeno te\u010dkami. Na\u0161\u00edm prvotn\u00edm \u00fakolem bylo na te\u010dky doplnit sv\u00e9 jm\u00e9no tak, aby byl v\u00fdrok pravdiv\u00fd. Vyzkou\u0161et si to m\u016f\u017eete tak\u00e9:<\/p>\n<p>&#8230;&#8230;&#8230;&#8230; je trp\u011bliv\u00e1\/\u00fd, laskav\u00e1\/\u00fd, nez\u00e1vid\u00ed, &#8230;&#8230;&#8230;. se nevychloub\u00e1 a nen\u00ed dom\u00fd\u0161liv\u00e1\/\u00fd. &#8230;&#8230;&#8230;&#8230;. nejedn\u00e1 ne\u010destn\u011b, nehled\u00e1 sv\u016fj prosp\u011bch, ned\u00e1 se vydr\u00e1\u017edit, nepo\u010d\u00edt\u00e1 k\u0159ivdy. Nem\u00e1 radost ze \u0161patnosti, ale v\u017edycky se raduje z pravdy. A\u0165 se d\u011bje cokoliv, &#8230;&#8230;&#8230;&#8230; vydr\u017e\u00ed, &#8230;&#8230;&#8230;&#8230;. v\u011b\u0159\u00ed, &#8230;&#8230;&#8230; m\u00e1 nad\u011bji, &#8230;&#8230;&#8230;.. vytrv\u00e1.<\/p>\n<p><img loading=\"lazy\" decoding=\"async\" class=\"alignnone wp-image-9493\" src=\"https:\/\/valasskemezirici.casd.cz\/wp-content\/uploads\/2025\/08\/Obrazek-WhatsApp-2025-08-23-v-12.42.29_4048dbe9.jpg\" alt=\"\" width=\"625\" height=\"1112\" srcset=\"https:\/\/valasskemezirici.casd.cz\/wp-content\/uploads\/2025\/08\/Obrazek-WhatsApp-2025-08-23-v-12.42.29_4048dbe9.jpg 899w, https:\/\/valasskemezirici.casd.cz\/wp-content\/uploads\/2025\/08\/Obrazek-WhatsApp-2025-08-23-v-12.42.29_4048dbe9-169x300.jpg 169w, https:\/\/valasskemezirici.casd.cz\/wp-content\/uploads\/2025\/08\/Obrazek-WhatsApp-2025-08-23-v-12.42.29_4048dbe9-576x1024.jpg 576w, https:\/\/valasskemezirici.casd.cz\/wp-content\/uploads\/2025\/08\/Obrazek-WhatsApp-2025-08-23-v-12.42.29_4048dbe9-768x1366.jpg 768w, https:\/\/valasskemezirici.casd.cz\/wp-content\/uploads\/2025\/08\/Obrazek-WhatsApp-2025-08-23-v-12.42.29_4048dbe9-864x1536.jpg 864w\" sizes=\"auto, (max-width: 625px) 100vw, 625px\" \/><\/p>\n<p><!--more--><\/p>\n<p>Co je pro n\u00e1\u0161 rodinn\u00fd \u017eivot nejt\u011b\u017e\u0161\u00ed? Co plat\u00ed naprosto bezpodm\u00edne\u010dn\u011b? K\u00e1z\u00e1n\u00ed se zam\u011b\u0159ilo na K\u0158IVDY. Seneca prohl\u00e1sil, \u017ee k tomu, aby \u010dlov\u011bk \u0161kodil, si v\u017edy dost sil najde. V Bibli m\u00e1me \u0159adu p\u0159\u00edb\u011bh\u016f, kter\u00e9 tuto skute\u010dnost dokladuj\u00ed. Ve Zjeven\u00ed kapitola 22 nach\u00e1z\u00edme rozhodnut\u00ed &#8211; pokud jsi \u0161kodil, \u0161ko\u010f d\u00e1l. Cel\u00fd \u017eivot \u0159e\u0161\u00edme k\u0159ivdy a poku\u0161en\u00ed. Jejich zvl\u00e1dnut\u00ed sv\u011bd\u010d\u00ed o na\u0161em charakteru. Je prov\u011brkou pro vstup do Bo\u017e\u00edho kr\u00e1lovstv\u00ed. K\u0159ivda je bolestn\u011b pro\u017e\u00edvan\u00e1 nepravost. N\u011bkdy kr\u00e1tkodob\u00e1, v\u011bt\u0161inou ale trv\u00e1 dlouho a mnohdy se k\u0159ivda d\u011bd\u00ed. M\u016f\u017ee p\u0159er\u016fst v du\u0161evn\u00ed utrpen\u00ed. Nelze si zvyknout ani akceptovat. P\u0159\u00edslov\u00ed 18, 19.<\/p>\n<p>M\u00e1me dv\u011b strany &#8211; k\u0159ivd\u00edc\u00ed a uk\u0159ivd\u011bn\u00fd. Jak se s t\u00edm srovnat? Negativn\u00ed emoce se hromad\u00ed, litujeme se, pov\u00edd\u00e1me o tom. Mnohdy m\u00e1me pot\u0159ebu se pomst\u00edt, odplatit. To je \u0161patn\u00e9. Staneme se &#8222;otrokem&#8220; \u010dlov\u011bka, kter\u00fd n\u00e1m uk\u0159ivdil. Nen\u00e1vid\u00edme ho. Zbavme se touhy po odplat\u011b. Jeremi\u00e1\u0161 tak\u00e9 c\u00edtil k\u0159ivdu. Obr\u00e1til se k Bohu a prosil o s\u00edlu odpustit. Odpu\u0161t\u011bn\u00ed nen\u00ed slabost ani p\u0159izn\u00e1n\u00ed por\u00e1\u017eky.<\/p>\n<p>Bolest je neslu\u010diteln\u00e1 s l\u00e1skou. Je\u017e\u00ed\u0161 Kristus um\u00edr\u00e1 v bolestech, ale nemysl\u00ed na odplatu. Naopak pros\u00ed: &#8222;Odpus\u0165 jim.&#8220; Neochota odpustit mn\u011b siln\u011b ovliv\u0148uje, hroz\u00ed mi du\u0161evn\u00ed i fyzick\u00e1 nemoc.<\/p>\n<p>Jsou k\u0159ivdy r\u016fzn\u011b velk\u00e9 &#8211; mal\u00e9, st\u0159edn\u00ed, velk\u00e9. M\u00e1me to rozli\u0161ovat? Malou m\u00e1me odpustit a velkou ne? V modlitb\u011b Ot\u010den\u00e1\u0161 \u0159\u00edk\u00e1me &#8222;Odpus\u0165 n\u00e1m na\u0161e viny, jako i my odpou\u0161t\u00edme na\u0161im vin\u00edk\u016fm.&#8220; Tak\u017ee v\u0161echny k\u0159ivdy m\u00e1me odpou\u0161t\u011bt. Odpu\u0161t\u011bn\u00ed nen\u00ed ot\u00e1zkou kr\u00e1tk\u00e9 doby, je to celo\u017eivotn\u00ed z\u00e1sada.<\/p>\n<p>Audio z\u00e1znam k\u00e1z\u00e1n\u00ed si m\u016f\u017eete poslechnout na na\u0161em webu.<\/p>\n<p>&nbsp;<\/p>\n","protected":false},"excerpt":{"rendered":"<p>Dovolen\u00e9 pomali\u010dku kon\u010d\u00ed a na\u0161i \u010dlenov\u00e9 op\u011bt zapl\u0148uj\u00ed lavice modlitebny s touhou duchovn\u011b se ob\u010derstvit a posilnit do dal\u0161\u00edch v\u0161edn\u00edch dn\u016f. Nad \u00fakolem sobotn\u00ed \u0161koly s n\u00e1zvem &#8222;Smlouva na S\u00ednaji&#8220; jsme se zam\u00fd\u0161leli spolu s Bohumilem Mro\u010dkem. Hospodin vedl sv\u016fj lid z Egypta do zasl\u00edben\u00e9 zem\u011b.&nbsp;P\u0159ivedl Izraelce pod horu Sinaj a dal jim Desatero.&nbsp;Desatero tvo\u0159\u00ed [&hellip;]<\/p>\n","protected":false},"author":1,"featured_media":0,"comment_status":"closed","ping_status":"open","sticky":false,"template":"","format":"standard","meta":{"ngg_post_thumbnail":0,"footnotes":""},"categories":[1],"tags":[],"class_list":["post-9492","post","type-post","status-publish","format-standard","hentry","category-nezarazene"],"_links":{"self":[{"href":"https:\/\/valasskemezirici.casd.cz\/index.php?rest_route=\/wp\/v2\/posts\/9492","targetHints":{"allow":["GET"]}}],"collection":[{"href":"https:\/\/valasskemezirici.casd.cz\/index.php?rest_route=\/wp\/v2\/posts"}],"about":[{"href":"https:\/\/valasskemezirici.casd.cz\/index.php?rest_route=\/wp\/v2\/types\/post"}],"author":[{"embeddable":true,"href":"https:\/\/valasskemezirici.casd.cz\/index.php?rest_route=\/wp\/v2\/users\/1"}],"replies":[{"embeddable":true,"href":"https:\/\/valasskemezirici.casd.cz\/index.php?rest_route=%2Fwp%2Fv2%2Fcomments&post=9492"}],"version-history":[{"count":1,"href":"https:\/\/valasskemezirici.casd.cz\/index.php?rest_route=\/wp\/v2\/posts\/9492\/revisions"}],"predecessor-version":[{"id":9494,"href":"https:\/\/valasskemezirici.casd.cz\/index.php?rest_route=\/wp\/v2\/posts\/9492\/revisions\/9494"}],"wp:attachment":[{"href":"https:\/\/valasskemezirici.casd.cz\/index.php?rest_route=%2Fwp%2Fv2%2Fmedia&parent=9492"}],"wp:term":[{"taxonomy":"category","embeddable":true,"href":"https:\/\/valasskemezirici.casd.cz\/index.php?rest_route=%2Fwp%2Fv2%2Fcategories&post=9492"},{"taxonomy":"post_tag","embeddable":true,"href":"https:\/\/valasskemezirici.casd.cz\/index.php?rest_route=%2Fwp%2Fv2%2Ftags&post=9492"}],"curies":[{"name":"wp","href":"https:\/\/api.w.org\/{rel}","templated":true}]}}