{"id":9500,"date":"2025-08-31T17:45:05","date_gmt":"2025-08-31T15:45:05","guid":{"rendered":"https:\/\/valasskemezirici.casd.cz\/?p=9500"},"modified":"2025-08-31T17:45:08","modified_gmt":"2025-08-31T15:45:08","slug":"sobota-30-srpna-2025","status":"publish","type":"post","link":"https:\/\/valasskemezirici.casd.cz\/?p=9500","title":{"rendered":"Sobota 30.srpna 2025"},"content":{"rendered":"<p style=\"text-align: justify;\">Posledn\u00ed pr\u00e1zdninovou sobotu pro\u017eily v\u0161echny Vala\u0161sk\u00e9 sbory na spole\u010dn\u00e9 bohoslu\u017eb\u011b ve Vset\u00edn\u011b. D\u016fvodem byla vz\u00e1cn\u00e1 n\u00e1v\u0161t\u011bva p\u0159edsedy \u010cesko-Slovensk\u00e9 unie C\u00edrkve adventist\u016f sedm\u00e9ho dne Petera \u010c\u00edka. Velmi si v\u00e1\u017e\u00edme toho, \u017ee si ve sv\u00e9m nabit\u00e9m programu na\u0161el \u010das pro na\u0161e spole\u010denstv\u00ed.<\/p>\n<p style=\"text-align: justify;\">Sobotn\u00ed \u0161kola dnes nebyla prob\u00edr\u00e1na klasick\u00fdm zp\u016fsobem v&nbsp;n\u011bkolika t\u0159\u00edd\u00e1ch s&nbsp;mo\u017enost\u00ed diskuse. Proto\u017ee jsme cht\u011bli v\u011bnovat co nejv\u00edce \u010dasu na\u0161emu mil\u00e9mu hostu, sezn\u00e1mila n\u00e1s sestra Lidka Obadalov\u00e1 pouze s&nbsp;hlavn\u00edmi my\u0161lenkami \u00fakolu s&nbsp;n\u00e1zvem \u201e<em>\u017divot podle z\u00e1kona<\/em>\u201c.<\/p>\n<p><img loading=\"lazy\" decoding=\"async\" class=\" wp-image-9503\" src=\"https:\/\/valasskemezirici.casd.cz\/wp-content\/uploads\/2025\/08\/IMG_20250830_094608-scaled.jpg\" alt=\"\" width=\"588\" height=\"441\" srcset=\"https:\/\/valasskemezirici.casd.cz\/wp-content\/uploads\/2025\/08\/IMG_20250830_094608-scaled.jpg 2560w, https:\/\/valasskemezirici.casd.cz\/wp-content\/uploads\/2025\/08\/IMG_20250830_094608-300x225.jpg 300w, https:\/\/valasskemezirici.casd.cz\/wp-content\/uploads\/2025\/08\/IMG_20250830_094608-1024x768.jpg 1024w, https:\/\/valasskemezirici.casd.cz\/wp-content\/uploads\/2025\/08\/IMG_20250830_094608-768x576.jpg 768w, https:\/\/valasskemezirici.casd.cz\/wp-content\/uploads\/2025\/08\/IMG_20250830_094608-1536x1152.jpg 1536w, https:\/\/valasskemezirici.casd.cz\/wp-content\/uploads\/2025\/08\/IMG_20250830_094608-2048x1536.jpg 2048w\" sizes=\"auto, (max-width: 588px) 100vw, 588px\" \/><\/p>\n<p><img loading=\"lazy\" decoding=\"async\" class=\" wp-image-9504\" src=\"https:\/\/valasskemezirici.casd.cz\/wp-content\/uploads\/2025\/08\/IMG_20250830_101646-scaled.jpg\" alt=\"\" width=\"588\" height=\"441\" srcset=\"https:\/\/valasskemezirici.casd.cz\/wp-content\/uploads\/2025\/08\/IMG_20250830_101646-scaled.jpg 2560w, https:\/\/valasskemezirici.casd.cz\/wp-content\/uploads\/2025\/08\/IMG_20250830_101646-300x225.jpg 300w, https:\/\/valasskemezirici.casd.cz\/wp-content\/uploads\/2025\/08\/IMG_20250830_101646-1024x768.jpg 1024w, https:\/\/valasskemezirici.casd.cz\/wp-content\/uploads\/2025\/08\/IMG_20250830_101646-768x576.jpg 768w, https:\/\/valasskemezirici.casd.cz\/wp-content\/uploads\/2025\/08\/IMG_20250830_101646-1536x1152.jpg 1536w, https:\/\/valasskemezirici.casd.cz\/wp-content\/uploads\/2025\/08\/IMG_20250830_101646-2048x1536.jpg 2048w\" sizes=\"auto, (max-width: 588px) 100vw, 588px\" \/><\/p>\n<p><!--more--><\/p>\n<p style=\"text-align: justify;\">Z\u00e1kony jsou v\u00fdrazem ide\u00e1l\u016f, c\u00edl\u016f, z\u00e1m\u011br\u016f a&nbsp;charakteru z\u00e1konod\u00e1rce. Bo\u017e\u00ed z\u00e1kon je zjeven\u00edm Hospodina, jeho dobroty, l\u00e1sky, hodnoty, spravedlnosti. \u201eDal\u0161\u00ed z\u00e1kony\u201c se t\u00fdkaly cel\u00e9 \u0161k\u00e1ly situac\u00ed b\u011b\u017en\u00e9ho \u017eivota.&nbsp; Dnes se z\u00e1sada \u201eOko za oko\u201c prosazuje mnohem \u201ep\u0159\u00edsn\u011bji\u201c: oko za zub a \u017eivot za oko. Nen\u00ed lidsk\u00e1 spravedlnost pouze typem pomsty? Spravedliv\u00fdm \u0159e\u0161en\u00edm k\u0159ivdy nen\u00ed pomsta, ale jedin\u011b n\u00e1vrat do p\u016fvodn\u00edho harmonick\u00e9ho vztahu. Trest je pouze satisfakc\u00ed (n\u011bkdy naprosto nep\u0159im\u011b\u0159enou) pro ob\u011b\u0165 a spole\u010dnost. Nen\u00ed na n\u00e1s, abychom rozhodovali o vin\u011b a&nbsp;trestu.<\/p>\n<p style=\"text-align: justify;\">Ve dnech 3.-12.7.2025 se konalo 62. zased\u00e1n\u00ed deleg\u00e1t\u016f Gener\u00e1ln\u00ed konference na\u0161\u00ed c\u00edrkve v&nbsp;Saint Louis, kter\u00e9ho se z\u00fa\u010dastnil bratr Peter \u010c\u00edk. V&nbsp;kr\u00e1tk\u00e9m vstupu n\u00e1s sezn\u00e1mil s&nbsp;t\u00edm jak\u00e1 konference byla, co nov\u00e9ho p\u0159inesla a kam sm\u011b\u0159uje c\u00edrkev v n\u00e1sleduj\u00edc\u00edch letech.<\/p>\n<p style=\"text-align: justify;\">Zased\u00e1n\u00ed se z\u00fa\u010dastnilo z\u00e1stupci z&nbsp;235 st\u00e1t\u016f. Adventist\u00e9 mluv\u00ed celkem 715 jazyky. Na\u0161e c\u00edrkev m\u00e1 13 diviz\u00ed, 140 Uni\u00ed, 754 Sdru\u017een\u00ed a misijn\u00edch pol\u00ed, 100.760 sbor\u016f a 74384 skupin. Celkem se k&nbsp;CASD hl\u00e1s\u00ed 23.684.212 \u010dlen\u016f. Ve slu\u017eb\u011b je 22.224 kazatel\u016f a celkem 349.479 zam\u011bstnanc\u016f.<\/p>\n<p style=\"text-align: justify;\">P\u0159edseda GK T.Wilson p\u0159ednesl informaci, na jakou oblast p\u016fsoben\u00ed se jednotliv\u00e9 divize zam\u011b\u0159uj\u00ed. N\u011bkter\u00e9 vydaly milionov\u00e9 v\u00fdtisk\u016f knihy \u201eVelk\u00fd spor v\u011bk\u016f\u201c, jin\u00e1 st\u00e1la u vzniku 100.000 t\u0159\u00edd sobotn\u00ed \u0161koly a pracuje p\u0159edev\u0161\u00edm na evangelizaci, dal\u0161\u00ed investuje do vzd\u011bl\u00e1v\u00e1n\u00ed \u010dlen\u016f v&nbsp;tom, jak oslovit lidi ve sv\u00e9m okol\u00ed.<\/p>\n<p style=\"text-align: justify;\">Do\u0161lo tak\u00e9 k&nbsp;volb\u011b nov\u00e9ho p\u0159edsedy, kter\u00fdm se stal bratr Erton Kohler. Je 21.p\u0159edsedou GK a p\u016fsob\u00ed v&nbsp;oblasti Ji\u017en\u00ed Ameriky. V&nbsp;nov\u00e9 funkci se chce zam\u011b\u0159it p\u0159edev\u0161\u00edm na rozvoj v&nbsp;oblasti m\u00e9di\u00ed, satelitn\u00ed vys\u00edl\u00e1n\u00ed. Deleg\u00e1ti odhlasovali tak\u00e9 n\u011bkter\u00e9 zm\u011bny \u00fastavy a jednac\u00edho \u0159\u00e1du GK.<\/p>\n<p style=\"text-align: justify;\">Ve\u0161ker\u00e9 zm\u011bny v&nbsp;c\u00edrkevn\u00ed p\u0159\u00edru\u010dce budou sou\u010d\u00e1st\u00ed nov\u00e9ho vyd\u00e1n\u00ed tohoto dokumentu, kter\u00e9 v&nbsp;\u010desk\u00e9m a slovensk\u00e9m jazyce p\u0159iprav\u00edme v&nbsp;n\u00e1sleduj\u00edc\u00edch m\u011bs\u00edc\u00edch.<\/p>\n<p style=\"text-align: justify;\">Ka\u017ed\u00e1 zem\u011b se prezentovala na z\u00e1v\u011bre\u010dn\u00e9m pr\u016fvodu ve sv\u00fdch n\u00e1rodn\u00edch kroj\u00edch. Na\u0161i republiku reprezentovali man\u017eel\u00e9 Jure\u010dkovi. Bratr Peter \u010c\u00edk si ze zased\u00e1n\u00ed odvezl kr\u00e1sn\u00fd d\u00e1rek od sv\u00e9ho kolegy v&nbsp;podob\u011b sombrera, kter\u00e9 nyn\u00ed zdob\u00ed jeho kancel\u00e1\u0159.<\/p>\n<p><img loading=\"lazy\" decoding=\"async\" class=\"alignnone wp-image-9502\" src=\"https:\/\/valasskemezirici.casd.cz\/wp-content\/uploads\/2025\/08\/GK.jpg\" alt=\"\" width=\"581\" height=\"423\" srcset=\"https:\/\/valasskemezirici.casd.cz\/wp-content\/uploads\/2025\/08\/GK.jpg 1248w, https:\/\/valasskemezirici.casd.cz\/wp-content\/uploads\/2025\/08\/GK-300x219.jpg 300w, https:\/\/valasskemezirici.casd.cz\/wp-content\/uploads\/2025\/08\/GK-1024x747.jpg 1024w, https:\/\/valasskemezirici.casd.cz\/wp-content\/uploads\/2025\/08\/GK-768x560.jpg 768w\" sizes=\"auto, (max-width: 581px) 100vw, 581px\" \/> <img loading=\"lazy\" decoding=\"async\" class=\"alignnone wp-image-9501\" src=\"https:\/\/valasskemezirici.casd.cz\/wp-content\/uploads\/2025\/08\/Erton-Kohler.jpg\" alt=\"\" width=\"582\" height=\"446\" srcset=\"https:\/\/valasskemezirici.casd.cz\/wp-content\/uploads\/2025\/08\/Erton-Kohler.jpg 1024w, https:\/\/valasskemezirici.casd.cz\/wp-content\/uploads\/2025\/08\/Erton-Kohler-300x230.jpg 300w, https:\/\/valasskemezirici.casd.cz\/wp-content\/uploads\/2025\/08\/Erton-Kohler-768x588.jpg 768w\" sizes=\"auto, (max-width: 582px) 100vw, 582px\" \/><\/p>\n<p style=\"text-align: justify;\">Ve Vset\u00ednsk\u00e9m sboru v\u016fbec nez\u00e1le\u017e\u00ed na v\u011bku, v\u0161ichni maj\u00ed velk\u00fd dar od na\u0161eho P\u00e1na. I mal\u00ed \u010dlenov\u00e9 jsou velmi talentovan\u00ed. P\u0159esv\u011bd\u010dili n\u00e1s o tom zp\u011bv\u00e1ci pod veden\u00edm Honzy Wagnera, kte\u0159\u00ed zazp\u00edvali k&nbsp;chv\u00e1le P\u00e1nu kr\u00e1snou p\u00edse\u0148.<\/p>\n<p style=\"text-align: justify;\">Po kr\u00e1tk\u00e9 p\u0159est\u00e1vce n\u00e1m bratr \u010c\u00edk poslou\u017eil k\u00e1z\u00e1n\u00edm z Bo\u017e\u00edho slova, ve kter\u00e9m mluvil o p\u0159ik\u00e1z\u00e1n\u00ed \u201eMiluj bli\u017en\u00edho sv\u00e9ho jako sama sebe\u201c.<\/p>\n<p style=\"text-align: justify;\">Nejen dosp\u011bl\u00ed \u010dlenov\u00e9 sboru dok\u00e1\u017e\u00ed nacvi\u010dit vystoupen\u00ed. Tak\u00e9 \u00fa\u017easn\u00e1 Lenka z&nbsp;muzik\u00e1ln\u00ed rodiny Kubi\u010d\u00edk\u016f n\u00e1m p\u0159ipravila kr\u00e1sn\u00e9 hudebn\u00ed \u010d\u00edslo se sv\u00fdmi vrstevn\u00edky. D\u011bkujeme Bohu za kr\u00e1sn\u00e9 a talentovan\u00e9 d\u011bti tohoto sboru.<\/p>\n<p style=\"text-align: justify;\">Nen\u00ed jednoduch\u00e9 b\u00fdt ve funkci p\u0159edsedy \u010cesko-Slovensk\u00e9 unie. O tom se p\u0159esv\u011bd\u010dil bratr \u010c\u00edk p\u0159i diskuzi, ve kter\u00e9 n\u00e1m umo\u017enil pokl\u00e1dat mu ot\u00e1zky na nejr\u016fzn\u011bj\u0161\u00ed t\u00e9mata. Nutno p\u0159iznat, \u017ee se mnohdy notn\u011b zapotil.<\/p>\n<p style=\"text-align: justify;\">Po ob\u010derstven\u00ed duchovn\u00edm pokrmem jsme se mohli ob\u010derstvit tak\u00e9 t\u011blesn\u011b. Sestry ze sboru Vset\u00edn p\u0159ipravily neskute\u010dn\u011b dobr\u00e9 ob\u010derstven\u00ed. Mohli jsme si vybrat z&nbsp;n\u011bkolika pol\u00e9vek, jednohubek, sal\u00e1t\u016f, z\u00e1kusk\u016f i ovoce. Moc d\u011bkujeme a v\u011b\u0159\u00edme, \u017ee budeme moci brzy jejich pohostinnost oplatit.<\/p>\n<p style=\"text-align: justify;\">Pro\u017eili jsme velmi po\u017eehnanou sobotu se vz\u00e1cnou n\u00e1v\u0161t\u011bvou. D\u011bkujeme p\u0159edev\u0161\u00edm na\u0161emu P\u00e1nu za tento \u010das.<\/p>\n<p><img loading=\"lazy\" decoding=\"async\" class=\" wp-image-9505\" src=\"https:\/\/valasskemezirici.casd.cz\/wp-content\/uploads\/2025\/08\/IMG_20250830_105659-scaled.jpg\" alt=\"\" width=\"590\" height=\"442\" srcset=\"https:\/\/valasskemezirici.casd.cz\/wp-content\/uploads\/2025\/08\/IMG_20250830_105659-scaled.jpg 2560w, https:\/\/valasskemezirici.casd.cz\/wp-content\/uploads\/2025\/08\/IMG_20250830_105659-300x225.jpg 300w, https:\/\/valasskemezirici.casd.cz\/wp-content\/uploads\/2025\/08\/IMG_20250830_105659-1024x768.jpg 1024w, https:\/\/valasskemezirici.casd.cz\/wp-content\/uploads\/2025\/08\/IMG_20250830_105659-768x576.jpg 768w, https:\/\/valasskemezirici.casd.cz\/wp-content\/uploads\/2025\/08\/IMG_20250830_105659-1536x1152.jpg 1536w, https:\/\/valasskemezirici.casd.cz\/wp-content\/uploads\/2025\/08\/IMG_20250830_105659-2048x1536.jpg 2048w\" sizes=\"auto, (max-width: 590px) 100vw, 590px\" \/><\/p>\n<p><img loading=\"lazy\" decoding=\"async\" class=\" wp-image-9506\" src=\"https:\/\/valasskemezirici.casd.cz\/wp-content\/uploads\/2025\/08\/IMG_20250830_113920-scaled.jpg\" alt=\"\" width=\"591\" height=\"443\" srcset=\"https:\/\/valasskemezirici.casd.cz\/wp-content\/uploads\/2025\/08\/IMG_20250830_113920-scaled.jpg 2560w, https:\/\/valasskemezirici.casd.cz\/wp-content\/uploads\/2025\/08\/IMG_20250830_113920-300x225.jpg 300w, https:\/\/valasskemezirici.casd.cz\/wp-content\/uploads\/2025\/08\/IMG_20250830_113920-1024x768.jpg 1024w, https:\/\/valasskemezirici.casd.cz\/wp-content\/uploads\/2025\/08\/IMG_20250830_113920-768x576.jpg 768w, https:\/\/valasskemezirici.casd.cz\/wp-content\/uploads\/2025\/08\/IMG_20250830_113920-1536x1152.jpg 1536w, https:\/\/valasskemezirici.casd.cz\/wp-content\/uploads\/2025\/08\/IMG_20250830_113920-2048x1536.jpg 2048w\" sizes=\"auto, (max-width: 591px) 100vw, 591px\" \/><\/p>\n<p style=\"text-align: justify;\">&nbsp;<\/p>\n","protected":false},"excerpt":{"rendered":"<p>Posledn\u00ed pr\u00e1zdninovou sobotu pro\u017eily v\u0161echny Vala\u0161sk\u00e9 sbory na spole\u010dn\u00e9 bohoslu\u017eb\u011b ve Vset\u00edn\u011b. D\u016fvodem byla vz\u00e1cn\u00e1 n\u00e1v\u0161t\u011bva p\u0159edsedy \u010cesko-Slovensk\u00e9 unie C\u00edrkve adventist\u016f sedm\u00e9ho dne Petera \u010c\u00edka. Velmi si v\u00e1\u017e\u00edme toho, \u017ee si ve sv\u00e9m nabit\u00e9m programu na\u0161el \u010das pro na\u0161e spole\u010denstv\u00ed. Sobotn\u00ed \u0161kola dnes nebyla prob\u00edr\u00e1na klasick\u00fdm zp\u016fsobem v&nbsp;n\u011bkolika t\u0159\u00edd\u00e1ch s&nbsp;mo\u017enost\u00ed diskuse. Proto\u017ee jsme cht\u011bli v\u011bnovat [&hellip;]<\/p>\n","protected":false},"author":1,"featured_media":0,"comment_status":"closed","ping_status":"open","sticky":false,"template":"","format":"standard","meta":{"ngg_post_thumbnail":0,"footnotes":""},"categories":[1],"tags":[],"class_list":["post-9500","post","type-post","status-publish","format-standard","hentry","category-nezarazene"],"_links":{"self":[{"href":"https:\/\/valasskemezirici.casd.cz\/index.php?rest_route=\/wp\/v2\/posts\/9500","targetHints":{"allow":["GET"]}}],"collection":[{"href":"https:\/\/valasskemezirici.casd.cz\/index.php?rest_route=\/wp\/v2\/posts"}],"about":[{"href":"https:\/\/valasskemezirici.casd.cz\/index.php?rest_route=\/wp\/v2\/types\/post"}],"author":[{"embeddable":true,"href":"https:\/\/valasskemezirici.casd.cz\/index.php?rest_route=\/wp\/v2\/users\/1"}],"replies":[{"embeddable":true,"href":"https:\/\/valasskemezirici.casd.cz\/index.php?rest_route=%2Fwp%2Fv2%2Fcomments&post=9500"}],"version-history":[{"count":1,"href":"https:\/\/valasskemezirici.casd.cz\/index.php?rest_route=\/wp\/v2\/posts\/9500\/revisions"}],"predecessor-version":[{"id":9507,"href":"https:\/\/valasskemezirici.casd.cz\/index.php?rest_route=\/wp\/v2\/posts\/9500\/revisions\/9507"}],"wp:attachment":[{"href":"https:\/\/valasskemezirici.casd.cz\/index.php?rest_route=%2Fwp%2Fv2%2Fmedia&parent=9500"}],"wp:term":[{"taxonomy":"category","embeddable":true,"href":"https:\/\/valasskemezirici.casd.cz\/index.php?rest_route=%2Fwp%2Fv2%2Fcategories&post=9500"},{"taxonomy":"post_tag","embeddable":true,"href":"https:\/\/valasskemezirici.casd.cz\/index.php?rest_route=%2Fwp%2Fv2%2Ftags&post=9500"}],"curies":[{"name":"wp","href":"https:\/\/api.w.org\/{rel}","templated":true}]}}