{"id":9514,"date":"2025-08-31T17:57:46","date_gmt":"2025-08-31T15:57:46","guid":{"rendered":"https:\/\/valasskemezirici.casd.cz\/?p=9514"},"modified":"2025-08-31T17:58:20","modified_gmt":"2025-08-31T15:58:20","slug":"upozorneni-sobota-6-zari-2025","status":"publish","type":"post","link":"https:\/\/valasskemezirici.casd.cz\/?p=9514","title":{"rendered":"Upozorn\u011bn\u00ed &#8211; sobota 6.z\u00e1\u0159\u00ed 2025"},"content":{"rendered":"<p>V sobotu 6.z\u00e1\u0159\u00ed pro\u017eijeme spole\u010dn\u011b slavnost <strong>Pam\u00e1tky Ve\u010de\u0159e P\u00e1n\u011b<\/strong>.<\/p>\n<p>N\u00e1sledn\u011b se sejdeme u poledn\u00edho <strong>agap\u00e9<\/strong>. V odpoledn\u00ed \u010d\u00e1sti budeme <strong>vzpom\u00ednat na na\u0161e dovolen\u00e9<\/strong> &#8211; doneste sv\u00e9 fotografie.<\/p>\n<p>T\u011b\u0161\u00edme se na spole\u010dn\u011b pro\u017eitou sobotu.<\/p>\n<p><img loading=\"lazy\" decoding=\"async\" class=\"alignnone wp-image-9515\" src=\"https:\/\/valasskemezirici.casd.cz\/wp-content\/uploads\/2025\/08\/VP.jpg\" alt=\"\" width=\"585\" height=\"390\" srcset=\"https:\/\/valasskemezirici.casd.cz\/wp-content\/uploads\/2025\/08\/VP.jpg 2560w, https:\/\/valasskemezirici.casd.cz\/wp-content\/uploads\/2025\/08\/VP-300x200.jpg 300w, https:\/\/valasskemezirici.casd.cz\/wp-content\/uploads\/2025\/08\/VP-1024x683.jpg 1024w, https:\/\/valasskemezirici.casd.cz\/wp-content\/uploads\/2025\/08\/VP-768x512.jpg 768w, https:\/\/valasskemezirici.casd.cz\/wp-content\/uploads\/2025\/08\/VP-1536x1024.jpg 1536w, https:\/\/valasskemezirici.casd.cz\/wp-content\/uploads\/2025\/08\/VP-2048x1366.jpg 2048w\" sizes=\"auto, (max-width: 585px) 100vw, 585px\" \/><\/p>\n","protected":false},"excerpt":{"rendered":"<p>V sobotu 6.z\u00e1\u0159\u00ed pro\u017eijeme spole\u010dn\u011b slavnost Pam\u00e1tky Ve\u010de\u0159e P\u00e1n\u011b. N\u00e1sledn\u011b se sejdeme u poledn\u00edho agap\u00e9. V odpoledn\u00ed \u010d\u00e1sti budeme vzpom\u00ednat na na\u0161e dovolen\u00e9 &#8211; doneste sv\u00e9 fotografie. T\u011b\u0161\u00edme se na spole\u010dn\u011b pro\u017eitou sobotu.<\/p>\n","protected":false},"author":1,"featured_media":0,"comment_status":"closed","ping_status":"open","sticky":false,"template":"","format":"standard","meta":{"ngg_post_thumbnail":0,"footnotes":""},"categories":[1],"tags":[],"class_list":["post-9514","post","type-post","status-publish","format-standard","hentry","category-nezarazene"],"_links":{"self":[{"href":"https:\/\/valasskemezirici.casd.cz\/index.php?rest_route=\/wp\/v2\/posts\/9514","targetHints":{"allow":["GET"]}}],"collection":[{"href":"https:\/\/valasskemezirici.casd.cz\/index.php?rest_route=\/wp\/v2\/posts"}],"about":[{"href":"https:\/\/valasskemezirici.casd.cz\/index.php?rest_route=\/wp\/v2\/types\/post"}],"author":[{"embeddable":true,"href":"https:\/\/valasskemezirici.casd.cz\/index.php?rest_route=\/wp\/v2\/users\/1"}],"replies":[{"embeddable":true,"href":"https:\/\/valasskemezirici.casd.cz\/index.php?rest_route=%2Fwp%2Fv2%2Fcomments&post=9514"}],"version-history":[{"count":2,"href":"https:\/\/valasskemezirici.casd.cz\/index.php?rest_route=\/wp\/v2\/posts\/9514\/revisions"}],"predecessor-version":[{"id":9517,"href":"https:\/\/valasskemezirici.casd.cz\/index.php?rest_route=\/wp\/v2\/posts\/9514\/revisions\/9517"}],"wp:attachment":[{"href":"https:\/\/valasskemezirici.casd.cz\/index.php?rest_route=%2Fwp%2Fv2%2Fmedia&parent=9514"}],"wp:term":[{"taxonomy":"category","embeddable":true,"href":"https:\/\/valasskemezirici.casd.cz\/index.php?rest_route=%2Fwp%2Fv2%2Fcategories&post=9514"},{"taxonomy":"post_tag","embeddable":true,"href":"https:\/\/valasskemezirici.casd.cz\/index.php?rest_route=%2Fwp%2Fv2%2Ftags&post=9514"}],"curies":[{"name":"wp","href":"https:\/\/api.w.org\/{rel}","templated":true}]}}